{"id":490269,"date":"2025-10-26T02:27:17","date_gmt":"2025-10-26T02:27:17","guid":{"rendered":"https:\/\/www.europesays.com\/fr\/490269\/"},"modified":"2025-10-26T02:27:17","modified_gmt":"2025-10-26T02:27:17","slug":"top-14-je-sais-ce-que-vous-sous-entendez-je-le-vois-je-connais-le-metier-apres-la-huitieme-defaite-consecutive-quel-avenir-pour-franck-azema-et-lusap","status":"publish","type":"post","link":"https:\/\/www.europesays.com\/fr\/490269\/","title":{"rendered":"Top 14 &#8211; \u00ab\u00a0Je sais ce que vous sous-entendez. Je le vois, je connais le m\u00e9tier&#8230;\u00a0\u00bb : apr\u00e8s la huiti\u00e8me d\u00e9faite cons\u00e9cutive, quel avenir pour Franck Az\u00e9ma et l&rsquo;USAP ?"},"content":{"rendered":"<p>\n                                                                Huit d\u00e9faites en huit matches\u00a0: l\u2019USAP a touch\u00e9 le fond ce samedi \u00e0 Montauban (29-22). Que va-t-il se passer d\u00e9sormais\u00a0? En conf\u00e9rence de presse, le manager Franck Az\u00e9ma n\u2019a rien laiss\u00e9 transpara\u00eetre.\n                            <\/p>\n<p>\u00ab\u00a0Il y a un peu d\u2019espoir, mais franchement, pas ce soir. Je n\u2019arrive plus \u00e0 \u00eatre optimiste\u00a0\u00bb. Les mots d\u2019Emma, venue de Perpignan, r\u00e9sument sans aucun doute l\u2019\u00e9tat d\u2019esprit actuel des 1\u00a0200 supporters qui ont fait le d\u00e9placement dans le Tarn-et-Garonne, et bien plus encore. Apr\u00e8s huit journ\u00e9es, l\u2019USAP est bonne derni\u00e8re du Top 14 avec z\u00e9ro point au compteur. \u00c0 Montauban ce samedi soir, elle a encore sombr\u00e9 (29-22), comme jamais elle ne l\u2019avait fait dans des matches de ce genre.<\/p>\n<p>Les derniers leviers activ\u00e9s dans la semaine se sont cass\u00e9s en cours de match. Le suppl\u00e9ment d\u2019\u00e2me, l\u2019envie, l\u2019amour du maillot, tout \u00e7a, tout \u00e7a. Rien ne marche. Le talent ne suffit plus, l\u2019envie non plus. Alors, que faire\u00a0? Il y a trois semaines, apr\u00e8s la d\u00e9faite contre le Stade Fran\u00e7ais (11-28), le manager Franck Az\u00e9ma avait ouvert la porte \u00e0 un possible d\u00e9part, remettant en question la confiance de ses joueurs. \u00ab\u00a0Il faut leur demander \u00e0 eux si le message passe encore\u00a0\u00bb, avait-il annonc\u00e9. 48\u00a0heures plus tard, les joueurs avaient r\u00e9affirm\u00e9 leur soutien au manager, quand David Marty et G\u00e9rald Bastide ont pr\u00e9f\u00e9r\u00e9, eux, se mettre en retrait. Sauf qu\u2019aujourd\u2019hui, le club en est toujours au m\u00eame point.<\/p>\n<p>Pas de changement avant Pau ?<\/p>\n<p>Qu\u2019en est-il trois semaines plus tard\u00a0? \u00ab\u00a0Je sais ce que vous sous-entendez. Je le vois, je connais le m\u00e9tier. C\u2019est comme \u00e7a, on verra, a simplement r\u00e9agi le manager en conf\u00e9rence de presse, \u00e9videmment conscient de la situation. Maintenant, comment garde-t-on un\u00a0vestiaire mobilis\u00e9 et fort\u00a0? Ce n\u2019est pas juste le matin en se levant. C\u2019est la qualit\u00e9 dans laquelle on \u00e9volue en permanence et l\u2019honn\u00eatet\u00e9 qu\u2019on doit avoir dans nos rapports. C\u2019est un sentiment que tu dois faire passer tous les jours.\u00a0\u00bb<\/p>\n<p>Le sentiment passe-t-il toujours \u00e0 travers tous les joueurs\u00a0? En tout cas, ce n\u2019est pas Franck Az\u00e9ma qui a pris la parole dans le cercle r\u00e9uni \u00e0 la fin du match. Ce sont\u00a0Jer\u00f3nimo de la Fuente et Jamie Ritchie qui ont longuement parl\u00e9 \u00e0 leurs co\u00e9quipiers, abattus. \u00ab\u00a0On voit les joueurs \u00e9galement d\u00e9\u00e7us, constatent Simon et Jean-Philippe, membres de la penya\u00a0Els de Tolosa amb L\u2019USAP. M\u00eame Franck Az\u00e9ma et le staff nous ont fait de la peine. Mais il y a quelque chose qui ne va pas dans le discours. Il nous faut peut-\u00eatre quelqu\u2019un qui gueule un peu plus, on ne sait pas.\u00a0Ce n\u2019est pas possible avec l\u2019effectif qu\u2019on a\u00a0! On parlait avec des joueurs de Montauban qui ne comprennent pas comment on est l\u00e0 avec cette \u00e9quipe.\u00a0\u00bb Effectivement, c\u2019est le sentiment de beaucoup de personnes. Mais la r\u00e9alit\u00e9 est tout autre.<\/p>\n<p>Comme depuis plusieurs semaines, les prochains jours vont \u00eatre scrut\u00e9s de pr\u00e8s. Mais est-ce que quelque chose va bouger d\u2019ici le dernier match du bloc \u00e0 Pau samedi prochain (16\u00a0h\u00a035)\u00a0? C\u2019est loin d\u2019\u00eatre s\u00fbr. Franck Az\u00e9ma n\u2019est pas d\u00e9missionnaire, Fran\u00e7ois Rivi\u00e8re a r\u00e9affirm\u00e9 son soutien chez nos confr\u00e8res de <a href=\"https:\/\/www.lequipe.fr\/Rugby\/Article\/Francois-riviere-usap-avec-franck-azema-on-a-fait-un-deal\/1604102\" target=\"_self\" rel=\"nofollow noopener\">L\u2019\u00c9quipe <\/a>il y a deux jours. En tout cas, de nombreux CV d\u2019entra\u00eeneurs sont sur la table, certains sont sur le qui-vive, en attente de mouvements. Les agents harc\u00e8lent le pr\u00e9sident et Bruno Rolland depuis plusieurs jours. Mais la tendance, pour les prochaines heures, n\u2019est pas au changement. \u00c0 moins d\u2019un immense retournement de situation.<\/p>\n<p>En interne, les d\u00e9cideurs du club \u2013 contact\u00e9s par nos soins en d\u00e9but de soir\u00e9e, et qui n\u2019ont pas r\u00e9pondu \u00e0 nos sollicitations \u2013 auraient annonc\u00e9 vouloir faire un point \u00e0 la fin du bloc. \u00c7a tombe bien, c\u2019est dans une semaine. L\u2019USAP la terminera sans doute avec une neuvi\u00e8me d\u00e9faite au compteur. Et il faudra prendre une d\u00e9cision\u00a0: poursuivre le championnat avec une feuille blanche\u00a0; ou conforter Franck Az\u00e9ma en lui rajoutant des adjoints \u00e0 la hauteur.<\/p>\n","protected":false},"excerpt":{"rendered":"Huit d\u00e9faites en huit matches\u00a0: l\u2019USAP a touch\u00e9 le fond ce samedi \u00e0 Montauban (29-22). Que va-t-il se&hellip;\n","protected":false},"author":2,"featured_media":490270,"comment_status":"","ping_status":"","sticky":false,"template":"","format":"standard","meta":{"footnotes":""},"categories":[1416],"tags":[1011,27,479,1468,60],"class_list":{"0":"post-490269","1":"post","2":"type-post","3":"status-publish","4":"format-standard","5":"has-post-thumbnail","7":"category-rugby","8":"tag-fr","9":"tag-france","10":"tag-rugby","11":"tag-rugby-football","12":"tag-sports"},"share_on_mastodon":{"url":"https:\/\/pubeurope.com\/@fr\/115438108240097610","error":""},"_links":{"self":[{"href":"https:\/\/www.europesays.com\/fr\/wp-json\/wp\/v2\/posts\/490269","targetHints":{"allow":["GET"]}}],"collection":[{"href":"https:\/\/www.europesays.com\/fr\/wp-json\/wp\/v2\/posts"}],"about":[{"href":"https:\/\/www.europesays.com\/fr\/wp-json\/wp\/v2\/types\/post"}],"author":[{"embeddable":true,"href":"https:\/\/www.europesays.com\/fr\/wp-json\/wp\/v2\/users\/2"}],"replies":[{"embeddable":true,"href":"https:\/\/www.europesays.com\/fr\/wp-json\/wp\/v2\/comments?post=490269"}],"version-history":[{"count":0,"href":"https:\/\/www.europesays.com\/fr\/wp-json\/wp\/v2\/posts\/490269\/revisions"}],"wp:featuredmedia":[{"embeddable":true,"href":"https:\/\/www.europesays.com\/fr\/wp-json\/wp\/v2\/media\/490270"}],"wp:attachment":[{"href":"https:\/\/www.europesays.com\/fr\/wp-json\/wp\/v2\/media?parent=490269"}],"wp:term":[{"taxonomy":"category","embeddable":true,"href":"https:\/\/www.europesays.com\/fr\/wp-json\/wp\/v2\/categories?post=490269"},{"taxonomy":"post_tag","embeddable":true,"href":"https:\/\/www.europesays.com\/fr\/wp-json\/wp\/v2\/tags?post=490269"}],"curies":[{"name":"wp","href":"https:\/\/api.w.org\/{rel}","templated":true}]}}