{"id":490275,"date":"2025-10-26T02:33:11","date_gmt":"2025-10-26T02:33:11","guid":{"rendered":"https:\/\/www.europesays.com\/fr\/490275\/"},"modified":"2025-10-26T02:33:11","modified_gmt":"2025-10-26T02:33:11","slug":"je-ne-suis-pas-preoccupe-tempere-de-zerbi-apres-la-defaite","status":"publish","type":"post","link":"https:\/\/www.europesays.com\/fr\/490275\/","title":{"rendered":"\u00ab\u00a0Je ne suis pas pr\u00e9occup\u00e9\u00a0\u00bb, temp\u00e8re De Zerbi apr\u00e8s la d\u00e9faite"},"content":{"rendered":"<p><strong>Comment analysez-vous cette d\u00e9faite apr\u00e8s avoir men\u00e9 1-0\u00a0?<\/strong>&#13;\n<\/p>\n<p>On peut perdre les matches de deux mani\u00e8res\u00a0: soit parce que l\u2019adversaire est meilleur, soit sur des d\u00e9tails. Comme \u00e0 Lisbonne, on repart avec 0 point mais en ayant \u00e9t\u00e9 meilleur que l\u2019adversaire au niveau du jeu et de la production. Les r\u00e9sultats conditionnent les analyses, mais je suis heureux de mon \u00e9quipe. Quand on encaisse deux buts contre une \u00e9quipe physique, le manque de fra\u00eecheur peut se faire sentir. On a beaucoup de matches \u00e0 jouer, on doit rester \u00e9quilibr\u00e9 dans l\u2019analyse. Si on continue le championnat comme en premi\u00e8re p\u00e9riode, on pourra faire une bonne saison, et m\u00eame mieux que ce \u00e0 quoi je m\u2019attendais cet \u00e9t\u00e9.<\/p>\n<p><strong>N\u2019\u00eates-vous pas pr\u00e9occup\u00e9\u00a0?<\/strong>&#13;\n<\/p>\n<p>Non, je n\u2019ai pas vu mon \u00e9quipe en difficult\u00e9 ce soir.<\/p>\n<p><strong>Benjamin Pavard a connu une semaine compliqu\u00e9e. Comment analysez-vous ses performances\u00a0?<\/strong>&#13;\n<\/p>\n<p>Les deux d\u00e9faites peuvent s\u2019expliquer par les deux prestations de Pavard.\u00a0Il a \u00e9t\u00e9 malheureux \u00e0 Lisbonne sur l\u2019\u00e9galisation pour quelques centim\u00e8tres, puis en d\u00e9tournant le ballon\u00a0dans la lucarne.\u00a0Je n\u2019ai pas revu l\u2019image ce soir, mais je suis s\u00fbr qu\u2019il a commis une faute, Mme Frappart est pour moi la meilleure arbitre de Ligue 1. Mais il a \u00e9t\u00e9 encore malchanceux en marquant contre son camp. Il ne doit pas perdre sa confiance, c\u2019est une valeur ajout\u00e9e, un joueur d\u2019exp\u00e9rience. Il ne faut pas que \u00e7a le touche, il doit rester tranquille et \u00eatre heureux de jouer \u00e0 l\u2019OM. J\u2019aimerais avoir plusieurs Pavard dans mon \u00e9quipe. L\u2019an dernier, on avait gagn\u00e9 sans le m\u00e9riter. Ce soir, c\u2019est l\u2019inverse.<\/p>\n<p><strong>On a l\u2019impression que votre \u00e9quipe perd le fil d\u00e8s qu\u2019il y a un \u00e9v\u00e9nement contraire. \u00cates-vous d\u2019accord\u00a0?<\/strong>&#13;\n<\/p>\n<p>Oui, mais <a href=\"https:\/\/www.laprovence.com\/article\/om\/10303910473281\/om-emerson-sexcuse-apres-son-carton-rouge-recu-a-lisbonne\" target=\"_blank\" rel=\"nofollow noopener\">\u00e0 Lisbonne l\u2019expulsion (d\u2019Emerson) a chang\u00e9 le match<\/a>. Ce soir, on a toujours \u00e9t\u00e9 dedans, m\u00eame si on a \u00e9t\u00e9 moins dangereux. On vient d\u2019encha\u00eener beaucoup de matches, on a perdu Weah sans savoir encore la gravit\u00e9 de sa blessure, ce serait une mauvaise nouvelle pour nous s\u2019il devait \u00eatre absent. [\u2026] Mais c\u2019est aussi la beaut\u00e9 de ce sport. On ne doit pas se perdre en pol\u00e9miques, il faut rester concentr\u00e9. On peut am\u00e9liorer plein de choses, je suis le premier \u00e0 le dire, mais nos prestations sont bonnes et on a \u00e9t\u00e9 meilleurs que l\u2019adversaire, m\u00eame si Lens est une bonne \u00e9quipe avec un bon entra\u00eeneur. Je lui ai envoy\u00e9 un SMS vendredi pour le f\u00e9liciter.<\/p>\n<p>Pierre Sage (entra\u00eeneur du RC Lens) :<\/p>\n<p>\u00ab\u00a0Je suis d&rsquo;accord (avec Roberto De Zerbi, ndlr), l&rsquo;OM nous a pos\u00e9 de gros probl\u00e8mes autour de nos milieux r\u00e9cup\u00e9rateurs. Quand on a su mieux g\u00e9rer cette situation, ils ont eu plus de mal, on a \u00e9t\u00e9 moins en danger et on a mieux exploit\u00e9 nos r\u00e9cup\u00e9rations de balle. L&rsquo;OM a eu le dessus offensivement, c&rsquo;est vrai, mais c&rsquo;est aussi parce qu&rsquo;on menait 2-1 au score. Il y a de la consistance dans ce qu&rsquo;on a propos\u00e9, mais le match suivant est \u00e0 Metz et on devra confirmer l\u00e0-bas.\u00a0\u00bb<\/p>\n","protected":false},"excerpt":{"rendered":"Comment analysez-vous cette d\u00e9faite apr\u00e8s avoir men\u00e9 1-0\u00a0?&#13; On peut perdre les matches de deux mani\u00e8res\u00a0: soit parce&hellip;\n","protected":false},"author":2,"featured_media":490276,"comment_status":"","ping_status":"","sticky":false,"template":"","format":"standard","meta":{"footnotes":""},"categories":[1410],"tags":[52911,17,63,1011,27,757,61280,149,5261,61281,60,758,61282],"class_list":{"0":"post-490275","1":"post","2":"type-post","3":"status-publish","4":"format-standard","5":"has-post-thumbnail","7":"category-football","8":"tag-2-1","9":"tag-17","10":"tag-football","11":"tag-fr","12":"tag-france","13":"tag-je","14":"tag-lens-om","15":"tag-om","16":"tag-pas","17":"tag-preoccupe","18":"tag-sports","19":"tag-suis","20":"tag-tempere"},"share_on_mastodon":{"url":"https:\/\/pubeurope.com\/@fr\/115438132262104866","error":""},"_links":{"self":[{"href":"https:\/\/www.europesays.com\/fr\/wp-json\/wp\/v2\/posts\/490275","targetHints":{"allow":["GET"]}}],"collection":[{"href":"https:\/\/www.europesays.com\/fr\/wp-json\/wp\/v2\/posts"}],"about":[{"href":"https:\/\/www.europesays.com\/fr\/wp-json\/wp\/v2\/types\/post"}],"author":[{"embeddable":true,"href":"https:\/\/www.europesays.com\/fr\/wp-json\/wp\/v2\/users\/2"}],"replies":[{"embeddable":true,"href":"https:\/\/www.europesays.com\/fr\/wp-json\/wp\/v2\/comments?post=490275"}],"version-history":[{"count":0,"href":"https:\/\/www.europesays.com\/fr\/wp-json\/wp\/v2\/posts\/490275\/revisions"}],"wp:featuredmedia":[{"embeddable":true,"href":"https:\/\/www.europesays.com\/fr\/wp-json\/wp\/v2\/media\/490276"}],"wp:attachment":[{"href":"https:\/\/www.europesays.com\/fr\/wp-json\/wp\/v2\/media?parent=490275"}],"wp:term":[{"taxonomy":"category","embeddable":true,"href":"https:\/\/www.europesays.com\/fr\/wp-json\/wp\/v2\/categories?post=490275"},{"taxonomy":"post_tag","embeddable":true,"href":"https:\/\/www.europesays.com\/fr\/wp-json\/wp\/v2\/tags?post=490275"}],"curies":[{"name":"wp","href":"https:\/\/api.w.org\/{rel}","templated":true}]}}