{"id":490297,"date":"2025-10-26T02:45:14","date_gmt":"2025-10-26T02:45:14","guid":{"rendered":"https:\/\/www.europesays.com\/fr\/490297\/"},"modified":"2025-10-26T02:45:14","modified_gmt":"2025-10-26T02:45:14","slug":"trump-annonce-la-signature-de-laccord-de-paix-entre-la-thailande-et-le-cambodge","status":"publish","type":"post","link":"https:\/\/www.europesays.com\/fr\/490297\/","title":{"rendered":"Trump annonce la signature de l&rsquo;accord de paix entre la Tha\u00eflande et le Cambodge"},"content":{"rendered":"<p>\n    Les deux pays s\u2019\u00e9taient affront\u00e9s pendant cinq jours en juillet \u00e0 leur fronti\u00e8re dont ils contestent chacun le trac\u00e9, faisant plus de 40 morts et des centaines de milliers de d\u00e9plac\u00e9s.<\/p>\n<p class=\"fig-paragraph\"><a href=\"http:\/\/www.lefigaro.fr\/international\/dossier\/donald-trump-investi-47e-president-des-etats-unis-notre-dossier-pour-tout-comprendre\" data-fig-type=\"Topic\" data-gtm-custom-categorie=\"navigation\" data-gtm-custom-action=\"crossclick\" data-gtm-custom-label=\"Contextuel\" data-gtm-event=\"customEventSPE\" data-fig-domain=\"LEFIGARO\" rel=\"nofollow noopener\" target=\"_blank\">Donald Trump<\/a>\u00a0a annonc\u00e9 la signature de l&rsquo;accord de paix\u00a0<a href=\"https:\/\/video.lefigaro.fr\/figaro\/international\/nouvelles-tensions-entre-la-thailande-et-le-cambodge-20250724\" data-fig-type=\"Video\" data-gtm-custom-categorie=\"navigation\" data-gtm-custom-action=\"crossclick\" data-gtm-custom-label=\"Contextuel\" data-gtm-event=\"customEventSPE\" data-fig-domain=\"LEFIGARO\" rel=\"nofollow noopener\" target=\"_blank\">entre la Tha\u00eflande et le Cambodge<\/a>\u00a0d\u00e8s son arriv\u00e9e dimanche en Malaisie dans le cadre d&rsquo;une tourn\u00e9e en Asie, la premi\u00e8re depuis son retour au pouvoir en janvier.<\/p>\n<p class=\"fig-paragraph\">Le Premier ministre tha\u00eflandais Anutin Charnvirakul avait retard\u00e9 samedi son d\u00e9part pour la Malaisie, alors que son pays est endeuill\u00e9 par le d\u00e9c\u00e8s de la reine m\u00e8re Sirikit, exprimant toutefois son intention de faire le d\u00e9placement et demandant d&rsquo;avancer la signature de la paix \u00e0 dimanche matin.<\/p>\n<p>                                    <a class=\"fig-a11y-skip a11y-hidden\" href=\"#fig-a11y-skip-main-inarticle\"><br \/>\n        Passer la publicit\u00e9<br \/>\n    <\/a><\/p>\n<p class=\"fig-paragraph\">\u00abAfin de satisfaire tout le monde pour cet \u00e9v\u00e9nement majeur, nous signerons l&rsquo;accord de paix d\u00e8s notre arriv\u00e9e\u00bb, a d\u00e9clar\u00e9 M. Trump dans un message publi\u00e9 depuis l&rsquo;avion pr\u00e9sidentiel sur Truth Social, adressant ses condol\u00e9ances au \u00abgrand peuple de Tha\u00eflande\u00bb.<\/p>\n<p>Trump va rencontrer son homologue chinois Xi Jinping<\/p>\n<p class=\"fig-paragraph\">Les deux pays s&rsquo;\u00e9taient affront\u00e9s pendant cinq jours en juillet \u00e0 leur fronti\u00e8re dont ils contestent chacun le trac\u00e9, faisant plus de 40 morts et des centaines de milliers de d\u00e9plac\u00e9s dans ces combats les plus intenses depuis des d\u00e9cennies. Le pr\u00e9sident am\u00e9ricain avait pris part aux n\u00e9gociations qui ont abouti au cessez-le-feu entre Bangkok et Phnom Penh.<\/p>\n<p class=\"fig-paragraph\">L&rsquo;\u00e9tape malaisienne de Donald Trump s&rsquo;inscrit dans une tourn\u00e9e asiatique qui le m\u00e8nera \u00e9galement en Cor\u00e9e du Sud, o\u00f9 il doit rencontrer jeudi son homologue chinois Xi Jinping pour des discussions commerciales cruciales pour l&rsquo;\u00e9conomie mondiale. Le pr\u00e9sident am\u00e9ricain s&rsquo;est \u00e9galement montr\u00e9 ouvert \u00e0 une rencontre avec le dirigeant nord-cor\u00e9en Kim Jong Un lors de cette tourn\u00e9e. \u00abSi vous voulez passer le mot, je suis ouvert \u00e0 cela\u00bb, a-t-il d\u00e9clar\u00e9 samedi.<\/p>\n","protected":false},"excerpt":{"rendered":"Les deux pays s\u2019\u00e9taient affront\u00e9s pendant cinq jours en juillet \u00e0 leur fronti\u00e8re dont ils contestent chacun le&hellip;\n","protected":false},"author":2,"featured_media":490298,"comment_status":"","ping_status":"","sticky":false,"template":"","format":"standard","meta":{"footnotes":""},"categories":[5],"tags":[11,9265,75,1011,27,14,3444,12,1684,28],"class_list":{"0":"post-490297","1":"post","2":"type-post","3":"status-publish","4":"format-standard","5":"has-post-thumbnail","7":"category-international","8":"tag-actualites","9":"tag-cambodge","10":"tag-donald-trump","11":"tag-fr","12":"tag-france","13":"tag-international","14":"tag-malaisie","15":"tag-news","16":"tag-thailande","17":"tag-world"},"share_on_mastodon":{"url":"https:\/\/pubeurope.com\/@fr\/115438178927677291","error":""},"_links":{"self":[{"href":"https:\/\/www.europesays.com\/fr\/wp-json\/wp\/v2\/posts\/490297","targetHints":{"allow":["GET"]}}],"collection":[{"href":"https:\/\/www.europesays.com\/fr\/wp-json\/wp\/v2\/posts"}],"about":[{"href":"https:\/\/www.europesays.com\/fr\/wp-json\/wp\/v2\/types\/post"}],"author":[{"embeddable":true,"href":"https:\/\/www.europesays.com\/fr\/wp-json\/wp\/v2\/users\/2"}],"replies":[{"embeddable":true,"href":"https:\/\/www.europesays.com\/fr\/wp-json\/wp\/v2\/comments?post=490297"}],"version-history":[{"count":0,"href":"https:\/\/www.europesays.com\/fr\/wp-json\/wp\/v2\/posts\/490297\/revisions"}],"wp:featuredmedia":[{"embeddable":true,"href":"https:\/\/www.europesays.com\/fr\/wp-json\/wp\/v2\/media\/490298"}],"wp:attachment":[{"href":"https:\/\/www.europesays.com\/fr\/wp-json\/wp\/v2\/media?parent=490297"}],"wp:term":[{"taxonomy":"category","embeddable":true,"href":"https:\/\/www.europesays.com\/fr\/wp-json\/wp\/v2\/categories?post=490297"},{"taxonomy":"post_tag","embeddable":true,"href":"https:\/\/www.europesays.com\/fr\/wp-json\/wp\/v2\/tags?post=490297"}],"curies":[{"name":"wp","href":"https:\/\/api.w.org\/{rel}","templated":true}]}}