{"id":490324,"date":"2025-10-26T03:08:44","date_gmt":"2025-10-26T03:08:44","guid":{"rendered":"https:\/\/www.europesays.com\/fr\/490324\/"},"modified":"2025-10-26T03:08:44","modified_gmt":"2025-10-26T03:08:44","slug":"les-renaissances-graslin-une-residence-senior-au-coeur-de-nantes","status":"publish","type":"post","link":"https:\/\/www.europesays.com\/fr\/490324\/","title":{"rendered":"Les Renaissances Graslin : Une r\u00e9sidence senior au c\u0153ur de Nantes"},"content":{"rendered":"<p>D\u00e9couvrez une nouvelle fa\u00e7on de vivre sa retraite au c\u0153ur de Nantes. La r\u00e9sidence senior Les Renaissances Graslin offre un cadre unique pour les seniors souhaitant profiter d&rsquo;une vie active et autonome tout en b\u00e9n\u00e9ficiant de divers services.<\/p>\n<p>Les Renaissances Graslin, r\u00e9sidence s\u00e9nior associative, accueille depuis 1990 les seniors valides et autonomes, qu\u2019ils soient copropri\u00e9taires ou locataires. <strong>Situ\u00e9e en plein centre-ville de Nantes<\/strong>, cette r\u00e9sidence offre l\u2019opportunit\u00e9 de vivre en toute ind\u00e9pendance tout en b\u00e9n\u00e9ficiant d\u2019un accompagnement sur-mesure.<\/p>\n<p>Les r\u00e9sidents sont au c\u0153ur des d\u00e9cisions puisque le conseil d\u2019administration est compos\u00e9 d\u2019eux-m\u00eames. Ils peuvent donc fixer les tarifs, choisir leurs repas, ainsi que les animations propos\u00e9es.<\/p>\n<p>Un autre atout de la r\u00e9sidence est la <strong>pr\u00e9sence d&rsquo;infirmi\u00e8res 24h\/24<\/strong> pour garantir une aide compl\u00e8te et imm\u00e9diate. Avec ses services de qualit\u00e9 et sa situation privil\u00e9gi\u00e9e, c\u2019est une option id\u00e9ale pour les seniors cherchant \u00e0 pr\u00e9server leur autonomie tout en recevant un soutien ad\u00e9quat.<\/p>\n<p>Gr\u00e2ce \u00e0 un partenariat avec le G\u00e9rontopole de Nantes, Les Renaissances Graslin propose r\u00e9guli\u00e8rement des conf\u00e9rences sur la g\u00e9rontologie, enrichissant ainsi l&rsquo;exp\u00e9rience r\u00e9sidentielle. Des portes ouvertes sont programm\u00e9es le jeudi 27 novembre.<\/p>\n<p style=\"text-align: center;\">\n<p>Infos pratiques<\/p>\n<p><strong>Les Renaissances Graslin<\/strong><\/p>\n<p>\u2022 17 Rue Dobree &#8211; 44100 Nantes<br \/>\u2022 T\u00e9l\u00e9phone : <a href=\"https:\/\/nantes.maville.com\/actu\/tel:0240691790\" class=\"trackingClickNumero\" target=\"_blank\" rel=\"noopener\">02 40 69 17 90<\/a><br \/>\u2022 Contact : <a rel=\"nofollow noopener\" target=\"_blank\" href=\"https:\/\/nantes.maville.com\/actu\/mailto:accueil@renaissances-graslin.fr\">accueil@renaissances-graslin.fr<\/a><br \/>\u2022 <a rel=\"nofollow noopener\" target=\"_blank\" href=\"https:\/\/lesrenaissances-graslin.com\/\" class=\"trackingClickSiteWeb\">Site web<\/a>\u00a0<br \/>\u2022 <a rel=\"nofollow noopener\" target=\"_blank\" href=\"https:\/\/www.facebook.com\/people\/Les-Renaissances-Graslin\/100054567455422\/\" class=\"trackingClickFacebook\">Page Facebook<\/a> | <a rel=\"nofollow noopener\" target=\"_blank\" href=\"https:\/\/www.instagram.com\/les_renaissances_graslin\/\" class=\"trackingClickInstagram\">Compte Instagram<\/a> | <a rel=\"nofollow noopener\" target=\"_blank\" href=\"https:\/\/x.com\/Renaissances_G\" class=\"trackingClickX\">X<\/a> | <a rel=\"nofollow noopener\" target=\"_blank\" href=\"https:\/\/www.youtube.com\/channel\/UC_x6IGQ0Q-Fw83Mivd96m6Q\">Youtube<\/a><\/p>\n<p>\u00a0<\/p>\n<p>\t\t<script async src=\"\/\/www.instagram.com\/embed.js\"><\/script><\/p>\n","protected":false},"excerpt":{"rendered":"D\u00e9couvrez une nouvelle fa\u00e7on de vivre sa retraite au c\u0153ur de Nantes. La r\u00e9sidence senior Les Renaissances Graslin&hellip;\n","protected":false},"author":2,"featured_media":490325,"comment_status":"","ping_status":"","sticky":false,"template":"","format":"standard","meta":{"footnotes":""},"categories":[2818],"tags":[1111,11,1777,674,1011,27,60898,766,12,2636,61288,25,11293,12361,11489],"class_list":{"0":"post-490324","1":"post","2":"type-post","3":"status-publish","4":"format-standard","5":"has-post-thumbnail","7":"category-nantes","8":"tag-actu","9":"tag-actualites","10":"tag-eu","11":"tag-europe","12":"tag-fr","13":"tag-france","14":"tag-graslin","15":"tag-nantes","16":"tag-news","17":"tag-pays-de-la-loire","18":"tag-renaissances","19":"tag-republique-francaise","20":"tag-residence","21":"tag-senior","22":"tag-ur"},"share_on_mastodon":{"url":"https:\/\/pubeurope.com\/@fr\/115438269460994582","error":""},"_links":{"self":[{"href":"https:\/\/www.europesays.com\/fr\/wp-json\/wp\/v2\/posts\/490324","targetHints":{"allow":["GET"]}}],"collection":[{"href":"https:\/\/www.europesays.com\/fr\/wp-json\/wp\/v2\/posts"}],"about":[{"href":"https:\/\/www.europesays.com\/fr\/wp-json\/wp\/v2\/types\/post"}],"author":[{"embeddable":true,"href":"https:\/\/www.europesays.com\/fr\/wp-json\/wp\/v2\/users\/2"}],"replies":[{"embeddable":true,"href":"https:\/\/www.europesays.com\/fr\/wp-json\/wp\/v2\/comments?post=490324"}],"version-history":[{"count":0,"href":"https:\/\/www.europesays.com\/fr\/wp-json\/wp\/v2\/posts\/490324\/revisions"}],"wp:featuredmedia":[{"embeddable":true,"href":"https:\/\/www.europesays.com\/fr\/wp-json\/wp\/v2\/media\/490325"}],"wp:attachment":[{"href":"https:\/\/www.europesays.com\/fr\/wp-json\/wp\/v2\/media?parent=490324"}],"wp:term":[{"taxonomy":"category","embeddable":true,"href":"https:\/\/www.europesays.com\/fr\/wp-json\/wp\/v2\/categories?post=490324"},{"taxonomy":"post_tag","embeddable":true,"href":"https:\/\/www.europesays.com\/fr\/wp-json\/wp\/v2\/tags?post=490324"}],"curies":[{"name":"wp","href":"https:\/\/api.w.org\/{rel}","templated":true}]}}