{"id":490361,"date":"2025-10-26T03:32:11","date_gmt":"2025-10-26T03:32:11","guid":{"rendered":"https:\/\/www.europesays.com\/fr\/490361\/"},"modified":"2025-10-26T03:32:11","modified_gmt":"2025-10-26T03:32:11","slug":"allemagne-jerome-boateng-ne-sentrainera-pas-avec-le-bayern-munich","status":"publish","type":"post","link":"https:\/\/www.europesays.com\/fr\/490361\/","title":{"rendered":"Allemagne : J\u00e9r\u00f4me Boateng ne s\u2019entra\u00eenera pas avec le Bayern Munich"},"content":{"rendered":"<p><strong>Allemagne Foot: Tr\u00eave de discussion : J\u00e9r\u00f4me Boateng ne rejoindra finalement pas le Bayern Munich pour un stage d\u2019observation. Malgr\u00e9 l\u2019invitation de Vincent Kompany, la d\u00e9cision a \u00e9t\u00e9 prise \u00e0 la suite des vives r\u00e9actions suscit\u00e9es par cette annonce.<\/strong><\/p>\n<p>L\u2019ancien d\u00e9fenseur international allemand, \u00e2g\u00e9 de 37 ans, devait initialement effectuer un stage au FC Bayern sous la direction de son ancien co\u00e9quipier Vincent Kompany. L\u2019entra\u00eeneur belge s\u2019\u00e9tait montr\u00e9 enthousiaste \u00e0 l\u2019id\u00e9e d\u2019accueillir Boateng, d\u00e9clarant avant le match contre le Werder Br\u00eame : \u00ab Bien s\u00fbr, je l\u2019inviterais chaleureusement \u00e0 venir rester avec nous pendant quelques semaines et \u00e0 partager son exp\u00e9rience de d\u00e9fenseur de haut niveau avec nous. C\u2019est tellement pr\u00e9cieux ! \u00bb<\/p>\n<p>Mais ce projet, qui aurait symbolis\u00e9 un lien fort entre deux anciens cadres de Manchester City, a finalement \u00e9t\u00e9 abandonn\u00e9.<\/p>\n<p>La col\u00e8re des supporters munichois<\/p>\n<p>L\u2019annonce de ce stage n\u2019a pas \u00e9t\u00e9 bien accueillie par une partie du public bavarois. Lors du choc contre le Borussia Dortmund (victoire 2-1 du Bayern), plusieurs banderoles ont \u00e9t\u00e9 d\u00e9ploy\u00e9es en tribune pour d\u00e9noncer la pr\u00e9sence de Boateng, actuellement au c\u0153ur de pol\u00e9miques judiciaires.<br \/>L\u2019une d\u2019elles, particuli\u00e8rement explicite, affichait : \u00ab Celui qui donne de l\u2019espace \u00e0 l\u2019agresseur partage sa culpabilit\u00e9. Boateng, va te faire foutre ! \u00bb<\/p>\n<p>Ces messages ont mis une forte pression sur la direction du club, qui a pr\u00e9f\u00e9r\u00e9 calmer les tensions.<\/p>\n<p>Dans un communiqu\u00e9 publi\u00e9 samedi soir, le Bayern Munich a annonc\u00e9, \u00e0 la suite d\u2019un \u00e9change avec l\u2019ancien joueur, que le stage ne se ferait pas : \u00ab Lors d\u2019un \u00e9change constructif entre le FC Bayern et J\u00e9r\u00f4me Boateng cette semaine, il a \u00e9t\u00e9 d\u00e9cid\u00e9 que J\u00e9r\u00f4me Boateng ne fera pas de stage d\u2019observation au sein du club. J\u00e9r\u00f4me reste tr\u00e8s attach\u00e9 au FC Bayern et ne souhaite pas que le club subisse de pr\u00e9judice en raison des discussions controvers\u00e9es actuelles \u00e0 son sujet. \u00bb<\/p>\n<p>Boateng, double champion du monde des clubs et ic\u00f4ne du Bayern durant une d\u00e9cennie, reste donc \u00e9loign\u00e9 du centre d\u2019entra\u00eenement. Le club, lui, esp\u00e8re d\u00e9sormais tourner la page d\u2019une controverse qui a bouscul\u00e9 son image.<\/p>\n<p><\/p>\n","protected":false},"excerpt":{"rendered":"Allemagne Foot: Tr\u00eave de discussion : J\u00e9r\u00f4me Boateng ne rejoindra finalement pas le Bayern Munich pour un stage&hellip;\n","protected":false},"author":2,"featured_media":490362,"comment_status":"","ping_status":"","sticky":false,"template":"","format":"standard","meta":{"footnotes":""},"categories":[1587],"tags":[11,672,1804,1805,1803,1777,674,1801,12,1802],"class_list":{"0":"post-490361","1":"post","2":"type-post","3":"status-publish","4":"format-standard","5":"has-post-thumbnail","7":"category-allemagne","8":"tag-actualites","9":"tag-allemagne","10":"tag-bundesrepublik-deutschland","11":"tag-de","12":"tag-deutschland","13":"tag-eu","14":"tag-europe","15":"tag-germany","16":"tag-news","17":"tag-republique-federale-dallemagne"},"share_on_mastodon":{"url":"https:\/\/pubeurope.com\/@fr\/115438363876274565","error":""},"_links":{"self":[{"href":"https:\/\/www.europesays.com\/fr\/wp-json\/wp\/v2\/posts\/490361","targetHints":{"allow":["GET"]}}],"collection":[{"href":"https:\/\/www.europesays.com\/fr\/wp-json\/wp\/v2\/posts"}],"about":[{"href":"https:\/\/www.europesays.com\/fr\/wp-json\/wp\/v2\/types\/post"}],"author":[{"embeddable":true,"href":"https:\/\/www.europesays.com\/fr\/wp-json\/wp\/v2\/users\/2"}],"replies":[{"embeddable":true,"href":"https:\/\/www.europesays.com\/fr\/wp-json\/wp\/v2\/comments?post=490361"}],"version-history":[{"count":0,"href":"https:\/\/www.europesays.com\/fr\/wp-json\/wp\/v2\/posts\/490361\/revisions"}],"wp:featuredmedia":[{"embeddable":true,"href":"https:\/\/www.europesays.com\/fr\/wp-json\/wp\/v2\/media\/490362"}],"wp:attachment":[{"href":"https:\/\/www.europesays.com\/fr\/wp-json\/wp\/v2\/media?parent=490361"}],"wp:term":[{"taxonomy":"category","embeddable":true,"href":"https:\/\/www.europesays.com\/fr\/wp-json\/wp\/v2\/categories?post=490361"},{"taxonomy":"post_tag","embeddable":true,"href":"https:\/\/www.europesays.com\/fr\/wp-json\/wp\/v2\/tags?post=490361"}],"curies":[{"name":"wp","href":"https:\/\/api.w.org\/{rel}","templated":true}]}}