{"id":490363,"date":"2025-10-26T03:33:36","date_gmt":"2025-10-26T03:33:36","guid":{"rendered":"https:\/\/www.europesays.com\/fr\/490363\/"},"modified":"2025-10-26T03:33:36","modified_gmt":"2025-10-26T03:33:36","slug":"trois-usines-de-trop-en-europe-carlos-tavares-reconnait-des-erreurs-chez-stellantis","status":"publish","type":"post","link":"https:\/\/www.europesays.com\/fr\/490363\/","title":{"rendered":"\u00abTrois usines de trop en Europe\u00bb : Carlos Tavares reconna\u00eet des erreurs chez Stellantis"},"content":{"rendered":"<p>Le Portugais Carlos Tavares a d\u00e9missionn\u00e9, \u00abavec effet imm\u00e9diat\u00bb, le 1er d\u00e9cembre dernier de <a href=\"https:\/\/www.capital.fr\/entreprises-marches\/stellantis-annonce-un-investissement-de-13-milliards-d-euros-aux-etats-unis-1519604\" target=\"_blank\" rel=\"noopener\">Stellantis<\/a>. Depuis, la vie para\u00eet beaucoup plus douce sous la chaleur de Tomar, ville situ\u00e9e au nord de Lisbonne. Dans un entretien accord\u00e9 <a href=\"https:\/\/www.lepoint.fr\/economie\/carlos-tavares-la-france-peut-elle-s-en-sortir-j-ai-un-vrai-doute-16-10-2025-2601119_28.php\" target=\"_blank\" rel=\"noopener\">au Point<\/a>, le chef d\u2019entreprise n\u2019a pas m\u00e2ch\u00e9 ses mots concernant le march\u00e9 europ\u00e9en et les erreurs de l\u2019Union europ\u00e9enne.<\/p>\n<p>L&rsquo;artisan de la fusion entre PSA et Fiat-Chrysler d\u00e9but 2021, qui a donn\u00e9 naissance au groupe Stellantis constitu\u00e9 de 14 marques, a ainsi critiqu\u00e9 la d\u00e9cision de Bruxelles d&rsquo;acter la transition vers des ventes de voitures neuves uniquement \u00e9lectriques en 2035 : \u00abLa plus grosse erreur de la Commission europ\u00e9enne a \u00e9t\u00e9 de se venger contre l\u2019industrie automobile europ\u00e9enne apr\u00e8s le dieselgate de 2015, au lieu de ne s\u2019en prendre qu\u2019\u00e0 Volkswagen qui avait fraud\u00e9 sur les \u00e9missions de CO2 de ses moteurs. Elle est devenue dogmatique et n\u2019a pas du tout \u00e9cout\u00e9 les constructeurs.\u00bb<\/p>\n<p>Toujours aux affaires \u00e0 67 ans<\/p>\n<p>De ce fait, Carlos Tavares a jug\u00e9 certains choix de son ancienne entreprise, remettant en question l\u2019utilit\u00e9 de certaines usines dans le Vieux Continent, lui qui \u00e9tait notamment connu pour \u00eatre un \u00abpsychopathe de la performance\u00bb, disant qu\u2019il y a \u00abtrois usines de trop en Europe\u00bb.<\/p>\n<p>Aujourd\u2019hui, loin du g\u00e9ant Stellantis, Carlos Tavares s\u2019occupe d\u2019une production de Porto, de la restauration de voitures de collection, de la gestion de cinq h\u00f4tels et envisage, selon Le Point, d&rsquo;investir dans la compagnie a\u00e9rienne des A\u00e7ores et le circuit d&rsquo;Estoril.<\/p>\n","protected":false},"excerpt":{"rendered":"Le Portugais Carlos Tavares a d\u00e9missionn\u00e9, \u00abavec effet imm\u00e9diat\u00bb, le 1er d\u00e9cembre dernier de Stellantis. Depuis, la vie&hellip;\n","protected":false},"author":2,"featured_media":490364,"comment_status":"","ping_status":"","sticky":false,"template":"","format":"standard","meta":{"footnotes":""},"categories":[1586],"tags":[11,16303,1777,674,1011,27,6025,12,25,2099],"class_list":{"0":"post-490363","1":"post","2":"type-post","3":"status-publish","4":"format-standard","5":"has-post-thumbnail","7":"category-europe","8":"tag-actualites","9":"tag-carlos-tavares","10":"tag-eu","11":"tag-europe","12":"tag-fr","13":"tag-france","14":"tag-industrie-automobile","15":"tag-news","16":"tag-republique-francaise","17":"tag-stellantis"},"share_on_mastodon":{"url":"https:\/\/pubeurope.com\/@fr\/115438367806346847","error":""},"_links":{"self":[{"href":"https:\/\/www.europesays.com\/fr\/wp-json\/wp\/v2\/posts\/490363","targetHints":{"allow":["GET"]}}],"collection":[{"href":"https:\/\/www.europesays.com\/fr\/wp-json\/wp\/v2\/posts"}],"about":[{"href":"https:\/\/www.europesays.com\/fr\/wp-json\/wp\/v2\/types\/post"}],"author":[{"embeddable":true,"href":"https:\/\/www.europesays.com\/fr\/wp-json\/wp\/v2\/users\/2"}],"replies":[{"embeddable":true,"href":"https:\/\/www.europesays.com\/fr\/wp-json\/wp\/v2\/comments?post=490363"}],"version-history":[{"count":0,"href":"https:\/\/www.europesays.com\/fr\/wp-json\/wp\/v2\/posts\/490363\/revisions"}],"wp:featuredmedia":[{"embeddable":true,"href":"https:\/\/www.europesays.com\/fr\/wp-json\/wp\/v2\/media\/490364"}],"wp:attachment":[{"href":"https:\/\/www.europesays.com\/fr\/wp-json\/wp\/v2\/media?parent=490363"}],"wp:term":[{"taxonomy":"category","embeddable":true,"href":"https:\/\/www.europesays.com\/fr\/wp-json\/wp\/v2\/categories?post=490363"},{"taxonomy":"post_tag","embeddable":true,"href":"https:\/\/www.europesays.com\/fr\/wp-json\/wp\/v2\/tags?post=490363"}],"curies":[{"name":"wp","href":"https:\/\/api.w.org\/{rel}","templated":true}]}}