{"id":490374,"date":"2025-10-26T03:41:16","date_gmt":"2025-10-26T03:41:16","guid":{"rendered":"https:\/\/www.europesays.com\/fr\/490374\/"},"modified":"2025-10-26T03:41:16","modified_gmt":"2025-10-26T03:41:16","slug":"tennis-sinner-file-une-nouvelle-fois-en-finale-et-sans-trembler-face-a-de-minaur","status":"publish","type":"post","link":"https:\/\/www.europesays.com\/fr\/490374\/","title":{"rendered":"Tennis : Sinner file une nouvelle fois en finale et sans trembler face \u00e0 De Minaur"},"content":{"rendered":"<p data-testid=\"wcl-typoNewsPerex\" itemprop=\"description\">Jannik Sinner a \u00e9cart\u00e9 sans trembler ce samedi Alex De Minaur (7e mondial) en deux sets 6-3, 6-4, pour rejoindre la finale du tournoi ATP 500 de Vienne, un stade qu&rsquo;il atteint pour la 8e fois cette saison.<\/p>\n<p>La s\u00e9rie continue malheureusement pour <b>De Minaur<\/b>, qui a encaiss\u00e9 samedi sa douzi\u00e8me d\u00e9faite en autant de rencontres face \u00e0 l&rsquo;Italien, son plafond de verre.<\/p>\n<p>L&rsquo;Australien \u00e9tait pourtant parvenu \u00e0 l&rsquo;accrocher lors de leur dernier face \u00e0 face \u00e0 P\u00e9kin il y plus de trois semaines, en lui prenant un set.<\/p>\n<p>Mais l\u00e0, malgr\u00e9 parfois une belle r\u00e9sistance, et en lui arrachant les deux premiers breaks depuis le d\u00e9but du tournoi, l&rsquo;Australien n&rsquo;est toutefois pas parvenu \u00e0 le bousculer suffisamment, subissant le rouleau compresseur transalpin.<\/p>\n<p>Pour son retour deux semaines apr\u00e8s son abandon \u00e0 Shangha\u00ef, bless\u00e9 \u00e0 la jambe droite, l&rsquo;Italien, aux basques de <b>Carlos Alcaraz<\/b> et qui peut toujours esp\u00e9rer r\u00e9cup\u00e9rer sa place de n\u00b01 mondial d&rsquo;ici la fin de saison, r\u00e9alise jusqu&rsquo;ici un parcours sans faute \u00e0 Vienne.<\/p>\n<p>Dimanche, face au vainqueur du match entre <b>Alexander Zverev<\/b> (3e mondial) et <b>Lorenzo Musetti<\/b> (8e), pour le 8e finale de sa saison, il visera un quatri\u00e8me titre en 2025 apr\u00e8s l&rsquo;Open d&rsquo;Australie, Wimbledon et P\u00e9kin.<\/p>\n<p>Seul <b>Carlos Alcaraz <\/b>est parvenu \u00e0 le battre en finale cette saison.<\/p>\n","protected":false},"excerpt":{"rendered":"Jannik Sinner a \u00e9cart\u00e9 sans trembler ce samedi Alex De Minaur (7e mondial) en deux sets 6-3, 6-4,&hellip;\n","protected":false},"author":2,"featured_media":490375,"comment_status":"","ping_status":"","sticky":false,"template":"","format":"standard","meta":{"footnotes":""},"categories":[1415],"tags":[1011,27,60,1467],"class_list":{"0":"post-490374","1":"post","2":"type-post","3":"status-publish","4":"format-standard","5":"has-post-thumbnail","7":"category-tennis","8":"tag-fr","9":"tag-france","10":"tag-sports","11":"tag-tennis"},"share_on_mastodon":{"url":"https:\/\/pubeurope.com\/@fr\/115438399211679418","error":""},"_links":{"self":[{"href":"https:\/\/www.europesays.com\/fr\/wp-json\/wp\/v2\/posts\/490374","targetHints":{"allow":["GET"]}}],"collection":[{"href":"https:\/\/www.europesays.com\/fr\/wp-json\/wp\/v2\/posts"}],"about":[{"href":"https:\/\/www.europesays.com\/fr\/wp-json\/wp\/v2\/types\/post"}],"author":[{"embeddable":true,"href":"https:\/\/www.europesays.com\/fr\/wp-json\/wp\/v2\/users\/2"}],"replies":[{"embeddable":true,"href":"https:\/\/www.europesays.com\/fr\/wp-json\/wp\/v2\/comments?post=490374"}],"version-history":[{"count":0,"href":"https:\/\/www.europesays.com\/fr\/wp-json\/wp\/v2\/posts\/490374\/revisions"}],"wp:featuredmedia":[{"embeddable":true,"href":"https:\/\/www.europesays.com\/fr\/wp-json\/wp\/v2\/media\/490375"}],"wp:attachment":[{"href":"https:\/\/www.europesays.com\/fr\/wp-json\/wp\/v2\/media?parent=490374"}],"wp:term":[{"taxonomy":"category","embeddable":true,"href":"https:\/\/www.europesays.com\/fr\/wp-json\/wp\/v2\/categories?post=490374"},{"taxonomy":"post_tag","embeddable":true,"href":"https:\/\/www.europesays.com\/fr\/wp-json\/wp\/v2\/tags?post=490374"}],"curies":[{"name":"wp","href":"https:\/\/api.w.org\/{rel}","templated":true}]}}