{"id":490380,"date":"2025-10-26T03:47:23","date_gmt":"2025-10-26T03:47:23","guid":{"rendered":"https:\/\/www.europesays.com\/fr\/490380\/"},"modified":"2025-10-26T03:47:23","modified_gmt":"2025-10-26T03:47:23","slug":"lannonce-surprise-de-lacteur-qui-na-pas-hesite-une-seconde","status":"publish","type":"post","link":"https:\/\/www.europesays.com\/fr\/490380\/","title":{"rendered":"l&rsquo;annonce surprise de l&rsquo;acteur, qui n&rsquo;a pas \u00ab\u00a0h\u00e9sit\u00e9\u00a0\u00bb une seconde"},"content":{"rendered":"<p>D\u00e9riv\u00e9 de la s\u00e9rie \u00e0 succ\u00e8s de Dominique Besnehard et Fanny Herrero, le film Dix pour cent pourra compter sur un casting 5 \u00e9toiles, port\u00e9 par de c\u00e9l\u00e8bres acteurs fran\u00e7ais mais aussi une superstar am\u00e9ricaine, qui n&rsquo;est autre que\u2026 George Clooney ! Une participation qu&rsquo;a confirm\u00e9e l&rsquo;int\u00e9ress\u00e9 au Parisien, ce samedi 25 octobre 2025.<\/p>\n<p>Les tribulations d&rsquo;une agence de talents dans le monde impitoyable du cin\u00e9ma, <a href=\"https:\/\/www.programme-tv.net\/news\/tv\/287854-dix-pour-cent-la-serie-remporte-le-prix-de-la-meilleure-comedie-aux-international-emmy-awards\/\" data-api-deeplink=\"teleloisirs:\/\/news\/287854\" target=\"_blank\" rel=\"noopener\">un pitch original qui a cartonn\u00e9 sur France 2 il y a 10 ans<\/a>. Cr\u00e9\u00e9e en 2015 par <a href=\"https:\/\/www.programme-tv.net\/biographie\/11313-besnehard-dominique\/\" data-link-people=\"599c7f6b-c876-441e-8d13-856a2dd9390f\" target=\"_blank\" rel=\"noopener\">Dominique Besnehard<\/a> et Fanny Herrero, Dix pour cent a rencontr\u00e9 le succ\u00e8s aupr\u00e8s du public et de la critique, une r\u00e9ussite qui a d\u00e9bouch\u00e9 sur une version \u00e0 l&rsquo;am\u00e9ricaine, Call my Agent, sur Netflix. Port\u00e9e par un casting 5 \u00e9toiles d&rsquo;acteurs fran\u00e7ais jouant leur propre r\u00f4le \u2013 <a href=\"https:\/\/www.programme-tv.net\/biographie\/228-baye-nathalie\/\" data-link-people=\"1204bfa3-1d85-4296-9b43-882a418437ba\" target=\"_blank\" rel=\"noopener\">Nathalie Baye<\/a> et sa fille <a href=\"https:\/\/www.programme-tv.net\/biographie\/10753-smet-laura\/\" data-link-people=\"5bb778ed-dc76-4259-a41d-db839c518868\" target=\"_blank\" rel=\"noopener\">Laura Smet<\/a>, <a href=\"https:\/\/www.programme-tv.net\/biographie\/12095-gainsbourg-charlotte\/\" data-link-people=\"99a46f88-6d95-4851-8d22-04f1e94b4750\" target=\"_blank\" rel=\"noopener\">Charlotte Gainsbourg<\/a>, <a href=\"https:\/\/www.programme-tv.net\/biographie\/6559-adjani-isabelle\/\" data-link-people=\"90d229ff-d7ad-4bcb-8a8c-521805c786cf\" target=\"_blank\" rel=\"noopener\">Isabelle Adjani<\/a>, Jean Dujardin\u2026 \u2013, <a href=\"https:\/\/www.programme-tv.net\/news\/series-tv\/387969-exclu-dix-pour-cent-thibault-de-montalembert-fait-des-confidences-sur-le-film-et-les-fans-vont-etre-ravis\/\" data-api-deeplink=\"teleloisirs:\/\/news\/387969\" target=\"_blank\" rel=\"noopener\">la s\u00e9rie va avoir droit \u00e0 son adaptation sur grand \u00e9cran<\/a>, avec son c\u0153ur de personnages principaux : Camille Cottin, <a href=\"https:\/\/www.programme-tv.net\/biographie\/63795-calamy-laure\/\" data-link-people=\"8b400d59-0c05-44a3-8b6c-7c132abe1f11\" target=\"_blank\" rel=\"noopener\">Laure Calamy<\/a>, <a href=\"https:\/\/www.programme-tv.net\/biographie\/6394-de-montalembert-thibault\/\" data-link-people=\"b71cd161-1afb-4d9b-b096-dbeef10810b7\" target=\"_blank\" rel=\"noopener\">Thibault de Montalembert<\/a>, <a href=\"https:\/\/www.programme-tv.net\/biographie\/87882-montel-gregory\/\" data-link-people=\"a5c3a946-d3e1-47d3-a71c-c3bd63737f45\" target=\"_blank\" rel=\"noopener\">Gr\u00e9gory Montel<\/a> et <a href=\"https:\/\/www.programme-tv.net\/biographie\/417981-maury-nicolas\/\" data-link-people=\"85231376-1491-45ae-86a6-d98ec867a0d3\" target=\"_blank\" rel=\"noopener\">Nicolas Maury<\/a>. Mais comme le rapporte Le Parisien ce samedi 25 octobre 2025, c&rsquo;est une certaine star am\u00e9ricaine qui risque de faire le plus parler d&rsquo;elle lors du tournage\u2026<\/p>\n<p>                        George Clonney \u00e0 Paris pour tourner Dix pour cent, l&rsquo;annonce surprenante de la superstar hollywoodienne<\/p>\n<p>En effet, <a href=\"https:\/\/www.programme-tv.net\/news\/series-tv\/285764-call-my-agent-bollywood-netflix-adaptee-de-dix-pour-cent-la-serie-indienne-est-elle-fidele-a-la-version-francaise\/\" data-api-deeplink=\"teleloisirs:\/\/news\/285764\" target=\"_blank\" rel=\"noopener\">preuve du triomphe de Dix pour cent \u00e0 l&rsquo;international<\/a>, nul autre que George Clooney vient d&rsquo;annoncer sa participation au long-m\u00e9trage. Si le reste du casting est encore tenu secret, l&rsquo;acteur am\u00e9ricain \u2013 Ocean&rsquo;s Eleven, Burn After Reading, Gravity\u2026 \u2013, sera bien de la partie, comme il l&rsquo;a r\u00e9v\u00e9l\u00e9 au Parisien, en marge d&rsquo;une projection \u00e0 Los Angeles de son prochain film Jay Kelly. \u00ab\u00a0Puisque vous \u00eates fran\u00e7ais, je vais vous dire que je pars pour Paris o\u00f9 je serai la semaine prochaine pour participer au tournage du film Dix pour Cent. Je n\u2019ai pas h\u00e9sit\u00e9 une seconde\u00a0\u00bb, a-t-il fait savoir, lui qui rejoindra donc Camille Cottin, avec qui il a d\u00e9j\u00e0 jou\u00e9 par le pass\u00e9 <a href=\"https:\/\/www.programme-tv.net\/news\/tv\/58783-nespresso-decouvrez-enfin-la-nouvelle-pub-avec-george-clooney-et-jean-dujardin-video\/\" data-api-deeplink=\"teleloisirs:\/\/news\/58783\" target=\"_blank\" rel=\"noopener\">pour les besoins de publicit\u00e9s pour la marque de caf\u00e9 Nespresso<\/a>. Ce n&rsquo;est pas la premi\u00e8re fois que Dix pour cent peut compter sur une c\u00e9l\u00e9brit\u00e9 am\u00e9ricaine dans son propre r\u00f4le : <a href=\"https:\/\/www.programme-tv.net\/biographie\/355-weaver-sigourney\/\" data-link-people=\"0c98ccea-1509-4c45-83ce-51b2dc2f67c5\" target=\"_blank\" rel=\"noopener\">Sigourney Weaver<\/a> s&rsquo;y \u00e9tait coll\u00e9e avec plaisir lors de la 4e saison.<\/p>\n<p>            Quand George Clooney \u00e9voque avec humour le vol de bijoux du Louvre<\/p>\n<p>Aupr\u00e8s du m\u00e9dia am\u00e9ricain Variety, lors de la projection de Jay Kelly, George Clooney en a aussi profit\u00e9 pour \u00e9voquer avec humour <a href=\"https:\/\/www.programme-tv.net\/news\/people\/390248-cette-image-commence-a-circuler-samuel-etienne-mele-malgre-lui-au-vol-du-louvre-il-retablit-avec-humour-la-verite\/\" data-api-deeplink=\"teleloisirs:\/\/news\/390248\" target=\"_blank\" rel=\"noopener\">le spectaculaire vol de bijoux au Louvre il y a quelques jours<\/a>, un fait divers qui ne lui a pas \u00e9chapp\u00e9. \u00ab\u00a0C&rsquo;\u00e9tait cool. Enfin, c&rsquo;est horrible&#8230; Mais si vous \u00eates un voleur professionnel comme moi, j&rsquo;\u00e9tais tr\u00e8s fier de ces gars-l\u00e0 !\u00a0\u00bb, a-t-il plaisant\u00e9, en r\u00e9f\u00e9rence \u00e0 son r\u00f4le de braqueur dans la saga Ocean&rsquo;s, s\u00e9rie de films cultes du d\u00e9but des ann\u00e9es 2000.<\/p>\n<blockquote class=\"twitter-tweet\">\n<p lang=\"en\" dir=\"ltr\">George Clooney says the \u00ab\u00a0Ocean&rsquo;s Fourteen\u00a0\u00bb script is done and jokes that the franchise now has to live up to the Louvre heist.<\/p>\n<p>\u00ab\u00a0It was cool. I mean, it&rsquo;s terrible. But if you&rsquo;re a professional thief like I am, I was very proud of those guys.\u00a0\u00bb <a href=\"https:\/\/t.co\/OJLqO9fwdu\">https:\/\/t.co\/OJLqO9fwdu<\/a> <a href=\"https:\/\/t.co\/QtxTud3uw4\">pic.twitter.com\/QtxTud3uw4<\/a><\/p>\n<p>\u2014 Variety (@Variety) <a href=\"https:\/\/twitter.com\/Variety\/status\/1981554854100422788?ref_src=twsrc%5Etfw\" target=\"_blank\" rel=\"noopener\">October 24, 2025<\/a><\/p><\/blockquote>\n<p>        <script async src=\"https:\/\/platform.twitter.com\/widgets.js\" charset=\"utf-8\"><\/script><\/p>\n","protected":false},"excerpt":{"rendered":"D\u00e9riv\u00e9 de la s\u00e9rie \u00e0 succ\u00e8s de Dominique Besnehard et Fanny Herrero, le film Dix pour cent pourra&hellip;\n","protected":false},"author":2,"featured_media":490381,"comment_status":"","ping_status":"","sticky":false,"template":"","format":"standard","meta":{"footnotes":""},"categories":[1359],"tags":[253,61293,4548,7196,244,58,59808,59,1011,27,6054,61291,973,61292],"class_list":{"0":"post-490380","1":"post","2":"type-post","3":"status-publish","4":"format-standard","5":"has-post-thumbnail","7":"category-people","8":"tag-acteur","9":"tag-amal-alamuddin","10":"tag-channel_tl-story","11":"tag-cinu00e9ma","12":"tag-commentaire","13":"tag-divertissement","14":"tag-dix-pour-cent","15":"tag-entertainment","16":"tag-fr","17":"tag-france","18":"tag-george-clooney","19":"tag-guid_6252381930001","20":"tag-people","21":"tag-uuid_8e989d36-8e48-49df-999b-799e69a1c902"},"share_on_mastodon":{"url":"https:\/\/pubeurope.com\/@fr\/115438423015577625","error":""},"_links":{"self":[{"href":"https:\/\/www.europesays.com\/fr\/wp-json\/wp\/v2\/posts\/490380","targetHints":{"allow":["GET"]}}],"collection":[{"href":"https:\/\/www.europesays.com\/fr\/wp-json\/wp\/v2\/posts"}],"about":[{"href":"https:\/\/www.europesays.com\/fr\/wp-json\/wp\/v2\/types\/post"}],"author":[{"embeddable":true,"href":"https:\/\/www.europesays.com\/fr\/wp-json\/wp\/v2\/users\/2"}],"replies":[{"embeddable":true,"href":"https:\/\/www.europesays.com\/fr\/wp-json\/wp\/v2\/comments?post=490380"}],"version-history":[{"count":0,"href":"https:\/\/www.europesays.com\/fr\/wp-json\/wp\/v2\/posts\/490380\/revisions"}],"wp:featuredmedia":[{"embeddable":true,"href":"https:\/\/www.europesays.com\/fr\/wp-json\/wp\/v2\/media\/490381"}],"wp:attachment":[{"href":"https:\/\/www.europesays.com\/fr\/wp-json\/wp\/v2\/media?parent=490380"}],"wp:term":[{"taxonomy":"category","embeddable":true,"href":"https:\/\/www.europesays.com\/fr\/wp-json\/wp\/v2\/categories?post=490380"},{"taxonomy":"post_tag","embeddable":true,"href":"https:\/\/www.europesays.com\/fr\/wp-json\/wp\/v2\/tags?post=490380"}],"curies":[{"name":"wp","href":"https:\/\/api.w.org\/{rel}","templated":true}]}}