{"id":490384,"date":"2025-10-26T03:50:30","date_gmt":"2025-10-26T03:50:30","guid":{"rendered":"https:\/\/www.europesays.com\/fr\/490384\/"},"modified":"2025-10-26T03:50:30","modified_gmt":"2025-10-26T03:50:30","slug":"3-ans-apres-sa-sortie-cette-serie-fait-toujours-battre-votre-coeur","status":"publish","type":"post","link":"https:\/\/www.europesays.com\/fr\/490384\/","title":{"rendered":"3 ans apr\u00e8s sa sortie, cette s\u00e9rie fait toujours battre votre c\u0153ur"},"content":{"rendered":"<p>Trois ans apr\u00e8s la sortie de sa premi\u00e8re saison, une s\u00e9rie colombienne disponible sur Netflix pla\u00eet toujours autant aux internautes. Elle m\u00eale thriller, enqu\u00eate polici\u00e8re et romance. Si vous ne l\u2019avez pas encore vue, les abonn\u00e9s la conseillent encore aujourd&rsquo;hui. <\/p>\n<p>Les histoires de thriller font toujours vibrer les abonn\u00e9s Netflix, m\u00eame les plus loufoques. En avril 2022, une s\u00e9rie colombienne qui m\u00eale romance, thriller et enqu\u00eate polici\u00e8re avait conquis les internautes. <a href=\"https:\/\/www.programme-tv.net\/news\/series-tv\/326005-en-un-battement-neflix-pourquoi-la-serie-a-cree-la-polemique-en-colombie\/\" data-api-deeplink=\"teleloisirs:\/\/news\/326005\" target=\"_blank\" rel=\"noopener\">En un battement <\/a>a eu droit \u00e0 deux saisons sur la plateforme de streaming. On y d\u00e9couvrait l\u2019histoire de Valeria, une jeune femme en couple avec Simon qui, le soir de son anniversaire, se faisait kidnapper et tuer. Son c\u0153ur \u00e9tait alors pr\u00e9lev\u00e9 et greff\u00e9 \u00e0 Camila, la fianc\u00e9e de Zacarias, conseiller du candidat \u00e0 l\u2019\u00e9lection pr\u00e9sidentielle. Mais Simon ne parvient pas \u00e0 comprendre ce qui est arriv\u00e9 \u00e0 Valeria. Il se met alors \u00e0 enqu\u00eater. Il tombe tr\u00e8s rapidement sur Camila, elle-m\u00eame dubitative quant aux \u00e9v\u00e9nements qui ont men\u00e9 \u00e0 sa greffe de c\u0153ur. Comment leurs investigations respectives vont-elles \u00e9voluer ? Et Camila finira-t-elle par ressentir les m\u00eames sentiments que Valeria pour Simon ?<\/p>\n<p>                        Les internautes sont toujours aussi fans de la s\u00e9rie En un battement sur Netflix<\/p>\n<p>Trois ans apr\u00e8s la sortie de la s\u00e9rie, les internautes sont toujours autant convaincus par En un battement. Sur le groupe Facebook Netflix France, g\u00e9r\u00e9 par T\u00e9l\u00e9 Loisirs, certains se disent \u00ab\u00a0d\u00e9j\u00e0 accro\u00a0\u00bb \u00e0 la s\u00e9rie. D\u2019autres abondent : \u00ab\u00a0Une superbe s\u00e9rie !\u00a0\u00bb, \u00ab\u00a0Elle est trop bien cette s\u00e9rie, j\u2019avais ador\u00e9 !\u00a0\u00bb, \u00ab\u00a0Vous allez vous r\u00e9galer\u00a0\u00bb. Des avis pas toujours partag\u00e9s par tous. Sur le site Rotten Tomatoes, seuls 51% des spectateurs recommandent En un battement. Mais s\u2019ils le font, c\u2019est peut-\u00eatre gr\u00e2ce \u00e0 la performance des deux acteurs principaux. Michel Brown, bien connu en Am\u00e9rique latine pour ses r\u00f4les dans des telenovelas, incarne Simon. Quant \u00e0 Camila, elle est jou\u00e9e par Ana Luc\u00eda Dom\u00ednguez, applaudie auparavant sur Netflix dans la s\u00e9rie<a href=\"https:\/\/www.programme-tv.net\/news\/cinema\/359607-qui-a-tue-sara-avez-vous-reconnu-la-star-de-la-serie-dans-ce-film-netflix-classe-dans-le-top\/\" data-api-deeplink=\"teleloisirs:\/\/news\/359607\" target=\"_blank\" rel=\"noopener\"> Qui a tu\u00e9 Sara ?<\/a><\/p>\n<p>            Une saison 3 pour En un battement sur Netflix ?<\/p>\n<p>Netflix n\u2019a toujours pas communiqu\u00e9 sur un \u00e9ventuel retour d\u2019En un battement pour une saison 3. En attendant la r\u00e9ponse officielle de la plateforme, il existe heureusement d\u2019autres s\u00e9ries, notamment colombiennes, \u00e0 voir sur la plateforme. On peut citer <a href=\"https:\/\/www.programme-tv.net\/news\/series-tv\/291024-la-reina-del-flow-netflix-5-choses-a-savoir-sur-la-star-de-la-serie-carolina-ramirez\/\" data-api-deeplink=\"teleloisirs:\/\/news\/291024\" target=\"_blank\" rel=\"noopener\">La Reina del Flow<\/a>, <a href=\"https:\/\/www.programme-tv.net\/news\/series-tv\/379174-jirai-cracher-sur-vos-tombes-netflix-la-serie-aura-t-elle-une-saison-2\/\" data-api-deeplink=\"teleloisirs:\/\/news\/379174\" target=\"_blank\" rel=\"noopener\">J\u2019irai cracher sur vos tombes<\/a> ou encore <a href=\"https:\/\/www.programme-tv.net\/news\/series-tv\/388569-linvitee-sur-netflix-qui-est-vraiment-sonia-et-que-veut-elle-la-fin-expliquee-de-la-serie\/\" data-api-deeplink=\"teleloisirs:\/\/news\/388569\" target=\"_blank\" rel=\"noopener\">L\u2019Invit\u00e9e<\/a>, ajout\u00e9e tr\u00e8s r\u00e9cemment dans le catalogue.<\/p>\n<p>Article \u00e9crit en collaboration avec 6m\u00e9dias<\/p>\n","protected":false},"excerpt":{"rendered":"Trois ans apr\u00e8s la sortie de sa premi\u00e8re saison, une s\u00e9rie colombienne disponible sur Netflix pla\u00eet toujours autant&hellip;\n","protected":false},"author":2,"featured_media":490385,"comment_status":"","ping_status":"","sticky":false,"template":"","format":"standard","meta":{"footnotes":""},"categories":[1356],"tags":[244,58,61294,59,1011,27,127,1722,1721,129,252,1364],"class_list":{"0":"post-490384","1":"post","2":"type-post","3":"status-publish","4":"format-standard","5":"has-post-thumbnail","7":"category-television","8":"tag-commentaire","9":"tag-divertissement","10":"tag-en-un-battement","11":"tag-entertainment","12":"tag-fr","13":"tag-france","14":"tag-netflix","15":"tag-pub-streaming-netflix","16":"tag-su00e9rie-netflix","17":"tag-svod","18":"tag-television","19":"tag-tv"},"share_on_mastodon":{"url":"https:\/\/pubeurope.com\/@fr\/115438434770665656","error":""},"_links":{"self":[{"href":"https:\/\/www.europesays.com\/fr\/wp-json\/wp\/v2\/posts\/490384","targetHints":{"allow":["GET"]}}],"collection":[{"href":"https:\/\/www.europesays.com\/fr\/wp-json\/wp\/v2\/posts"}],"about":[{"href":"https:\/\/www.europesays.com\/fr\/wp-json\/wp\/v2\/types\/post"}],"author":[{"embeddable":true,"href":"https:\/\/www.europesays.com\/fr\/wp-json\/wp\/v2\/users\/2"}],"replies":[{"embeddable":true,"href":"https:\/\/www.europesays.com\/fr\/wp-json\/wp\/v2\/comments?post=490384"}],"version-history":[{"count":0,"href":"https:\/\/www.europesays.com\/fr\/wp-json\/wp\/v2\/posts\/490384\/revisions"}],"wp:featuredmedia":[{"embeddable":true,"href":"https:\/\/www.europesays.com\/fr\/wp-json\/wp\/v2\/media\/490385"}],"wp:attachment":[{"href":"https:\/\/www.europesays.com\/fr\/wp-json\/wp\/v2\/media?parent=490384"}],"wp:term":[{"taxonomy":"category","embeddable":true,"href":"https:\/\/www.europesays.com\/fr\/wp-json\/wp\/v2\/categories?post=490384"},{"taxonomy":"post_tag","embeddable":true,"href":"https:\/\/www.europesays.com\/fr\/wp-json\/wp\/v2\/tags?post=490384"}],"curies":[{"name":"wp","href":"https:\/\/api.w.org\/{rel}","templated":true}]}}