{"id":490413,"date":"2025-10-26T04:15:32","date_gmt":"2025-10-26T04:15:32","guid":{"rendered":"https:\/\/www.europesays.com\/fr\/490413\/"},"modified":"2025-10-26T04:15:32","modified_gmt":"2025-10-26T04:15:32","slug":"hockey-sur-glace-ligue-magnus-bruleurs-de-loups-bientot-dauphins-ou-leaders","status":"publish","type":"post","link":"https:\/\/www.europesays.com\/fr\/490413\/","title":{"rendered":"Hockey sur glace &#8211; Ligue Magnus. Br\u00fbleurs de loups : bient\u00f4t dauphins\u2026 ou leaders\u00a0?"},"content":{"rendered":"<p> Deux jours apr\u00e8s un d\u00e9placement, fructueux, \u00e0 Rouen, les Br\u00fbleurs de loups encha\u00eenent ce dimanche par un match \u00e0 Nice (17h30), en match avanc\u00e9 de la 14e journ\u00e9e. D\u2019ici la tr\u00eave internationale, les Grenoblois peuvent faire un bond en avant.<\/p>\n<p>&#13;<br \/>\n              F.Co. &#8211; &#13;<br \/>\n        &#13;<br \/>\n          Hier \u00e0 20:05&#13;<br \/>\n    &#13;<br \/>\n        &#8211; Temps de lecture : &#13;<br \/>\n  &#13;\n<\/p>\n<p>                    &#13;<br \/>\n    &#13;<br \/>\n    &#13;<br \/>\n    <a href=\"https:\/\/cdn-s-www.ledauphine.com\/images\/6EA0029F-2577-4D58-A64F-31754AE8196E\/NW_raw\/petter-birkheim-andersen-antoine-fertin-et-les-grenoblois-peuvent-faire-une-belle-cueillette-de-points-d-ici-fin-octobre-photo-le-dl-anouk-anglade-1761431166.jpg\" title=\"Petter Birkheim Andersen, Antoine Fertin et les Grenoblois peuvent faire une belle cueillette de points d\u2019ici fin octobre. Photo Le DL\/Anouk Anglade\" class=\"chocolat-image GA-tracking\" data-ga_type=\"click\" data-ga_category=\"D\u00e9tail\" data-ga_action=\"zoomer\" data-ga_label=\"aggrandir image\" target=\"_blank\" rel=\"noopener\">&#13;<br \/>\n        <img src=\"https:\/\/www.europesays.com\/fr\/wp-content\/uploads\/2025\/10\/petter-birkheim-andersen-antoine-fertin-et-les-grenoblois-peuvent-faire-une-belle-cueillette-de-poin.jpeg\"   alt=\"Petter Birkheim Andersen, Antoine Fertin et les Grenoblois peuvent faire une belle cueillette de points d\u2019ici fin octobre. Photo Le DL\/Anouk Anglade\" fetchpriority=\"high\" decoding=\"async\" data-mobile=\"NW_detail_M|1761431166\" data-base=\"NW_detail|1761431166\"\/>&#13;<br \/>\n    <\/a>&#13;<\/p>\n<p>Petter Birkheim Andersen, Antoine Fertin et les Grenoblois peuvent faire une belle cueillette de points d\u2019ici fin octobre. Photo Le DL\/Anouk Anglade<\/p>\n","protected":false},"excerpt":{"rendered":"Deux jours apr\u00e8s un d\u00e9placement, fructueux, \u00e0 Rouen, les Br\u00fbleurs de loups encha\u00eenent ce dimanche par un match&hellip;\n","protected":false},"author":2,"featured_media":490414,"comment_status":"","ping_status":"","sticky":false,"template":"","format":"standard","meta":{"footnotes":""},"categories":[9566],"tags":[1111,11,2430,112,113,114,1777,674,1701,1011,27,2731,2732,4133,10145,108,10146,12,25,517,1947],"class_list":{"0":"post-490413","1":"post","2":"type-post","3":"status-publish","4":"format-standard","5":"has-post-thumbnail","7":"category-grenoble","8":"tag-actu","9":"tag-actualites","10":"tag-auvergne-rhone-alpes","11":"tag-edition-grenoble-agglomeration","12":"tag-edition-gresivaudan-oisans","13":"tag-edition-voiron-saint-marcellin","14":"tag-eu","15":"tag-europe","16":"tag-fil-info-sport","17":"tag-fr","18":"tag-france","19":"tag-grenoble","20":"tag-grenoble-bassin","21":"tag-hockey-sur-glace","22":"tag-hockey-sur-glace-grenoble","23":"tag-isere","24":"tag-ligue-magnus-hockey-sur-glace","25":"tag-news","26":"tag-republique-francaise","27":"tag-sport","28":"tag-sport-national"},"share_on_mastodon":{"url":"https:\/\/pubeurope.com\/@fr\/115438533412589041","error":""},"_links":{"self":[{"href":"https:\/\/www.europesays.com\/fr\/wp-json\/wp\/v2\/posts\/490413","targetHints":{"allow":["GET"]}}],"collection":[{"href":"https:\/\/www.europesays.com\/fr\/wp-json\/wp\/v2\/posts"}],"about":[{"href":"https:\/\/www.europesays.com\/fr\/wp-json\/wp\/v2\/types\/post"}],"author":[{"embeddable":true,"href":"https:\/\/www.europesays.com\/fr\/wp-json\/wp\/v2\/users\/2"}],"replies":[{"embeddable":true,"href":"https:\/\/www.europesays.com\/fr\/wp-json\/wp\/v2\/comments?post=490413"}],"version-history":[{"count":0,"href":"https:\/\/www.europesays.com\/fr\/wp-json\/wp\/v2\/posts\/490413\/revisions"}],"wp:featuredmedia":[{"embeddable":true,"href":"https:\/\/www.europesays.com\/fr\/wp-json\/wp\/v2\/media\/490414"}],"wp:attachment":[{"href":"https:\/\/www.europesays.com\/fr\/wp-json\/wp\/v2\/media?parent=490413"}],"wp:term":[{"taxonomy":"category","embeddable":true,"href":"https:\/\/www.europesays.com\/fr\/wp-json\/wp\/v2\/categories?post=490413"},{"taxonomy":"post_tag","embeddable":true,"href":"https:\/\/www.europesays.com\/fr\/wp-json\/wp\/v2\/tags?post=490413"}],"curies":[{"name":"wp","href":"https:\/\/api.w.org\/{rel}","templated":true}]}}