{"id":490419,"date":"2025-10-26T04:18:30","date_gmt":"2025-10-26T04:18:30","guid":{"rendered":"https:\/\/www.europesays.com\/fr\/490419\/"},"modified":"2025-10-26T04:18:30","modified_gmt":"2025-10-26T04:18:30","slug":"municipales-2026-contre-linsecurite-a-strasbourg-jean-philippe-vetter-lr-appelle-a-allumer-les-lumieres","status":"publish","type":"post","link":"https:\/\/www.europesays.com\/fr\/490419\/","title":{"rendered":"Municipales 2026. Contre l\u2019ins\u00e9curit\u00e9 \u00e0 Strasbourg, Jean-Philippe Vetter (LR) appelle \u00e0 \u00ab\u00a0allumer les lumi\u00e8res\u00a0\u00bb"},"content":{"rendered":"<p>\u00ab\u00a0La s\u00e9curit\u00e9, un sujet pas comme les autres.\u00a0\u00bb Pour donner un premier coup d\u2019acc\u00e9l\u00e9rateur \u00e0 <a href=\"https:\/\/www.dna.fr\/elections\/2025\/09\/24\/jean-philippe-vetter-(lr)-veut-amplifier-sa-dynamique-de-rassemblement\" target=\"_blank\" rel=\"nofollow noopener\">sa campagne<\/a> en vue de mars\u00a02026, <a href=\"https:\/\/www.dna.fr\/politique\/2025\/02\/28\/municipales-jean-philippe-vetter-(lr)-en-operation-seduction\" target=\"_blank\" rel=\"nofollow noopener\">le candidat Les R\u00e9publicains aux municipales<\/a> d\u00e9gaine un incontournable du programme de la droite et du centre. \u00c0 ce titre, l\u2019\u00e9quipe de campagne d\u2019\u00ab\u00a0Aimer Strasbourg\u00a0\u00bb a investi la salle Mozart &#8211; rue du Miroir, \u00e0 deux pas de la place Gutenberg &#8211; jeudi 23\u00a0octobre, pour un moment \u00ab\u00a0d\u2019\u00e9change libre avec les habitants\u00a0\u00bb. Agressions, incivilit\u00e9s, deal, squat, mendicit\u00e9, campements sauvages\u00a0:&#8230;<\/p>\n","protected":false},"excerpt":{"rendered":"\u00ab\u00a0La s\u00e9curit\u00e9, un sujet pas comme les autres.\u00a0\u00bb Pour donner un premier coup d\u2019acc\u00e9l\u00e9rateur \u00e0 sa campagne en&hellip;\n","protected":false},"author":2,"featured_media":490420,"comment_status":"","ping_status":"","sticky":false,"template":"","format":"standard","meta":{"footnotes":""},"categories":[2820],"tags":[1111,11,2880,5949,4188,1777,674,107,1011,27,775,12,316,25,640,2879],"class_list":{"0":"post-490419","1":"post","2":"type-post","3":"status-publish","4":"format-standard","5":"has-post-thumbnail","7":"category-strasbourg","8":"tag-actu","9":"tag-actualites","10":"tag-edition-strasbourg","11":"tag-elections","12":"tag-elections-municipales","13":"tag-eu","14":"tag-europe","15":"tag-fil-info","16":"tag-fr","17":"tag-france","18":"tag-grand-est","19":"tag-news","20":"tag-politique","21":"tag-republique-francaise","22":"tag-strasbourg","23":"tag-strasbourg-ville"},"share_on_mastodon":{"url":"https:\/\/pubeurope.com\/@fr\/115438544732438178","error":""},"_links":{"self":[{"href":"https:\/\/www.europesays.com\/fr\/wp-json\/wp\/v2\/posts\/490419","targetHints":{"allow":["GET"]}}],"collection":[{"href":"https:\/\/www.europesays.com\/fr\/wp-json\/wp\/v2\/posts"}],"about":[{"href":"https:\/\/www.europesays.com\/fr\/wp-json\/wp\/v2\/types\/post"}],"author":[{"embeddable":true,"href":"https:\/\/www.europesays.com\/fr\/wp-json\/wp\/v2\/users\/2"}],"replies":[{"embeddable":true,"href":"https:\/\/www.europesays.com\/fr\/wp-json\/wp\/v2\/comments?post=490419"}],"version-history":[{"count":0,"href":"https:\/\/www.europesays.com\/fr\/wp-json\/wp\/v2\/posts\/490419\/revisions"}],"wp:featuredmedia":[{"embeddable":true,"href":"https:\/\/www.europesays.com\/fr\/wp-json\/wp\/v2\/media\/490420"}],"wp:attachment":[{"href":"https:\/\/www.europesays.com\/fr\/wp-json\/wp\/v2\/media?parent=490419"}],"wp:term":[{"taxonomy":"category","embeddable":true,"href":"https:\/\/www.europesays.com\/fr\/wp-json\/wp\/v2\/categories?post=490419"},{"taxonomy":"post_tag","embeddable":true,"href":"https:\/\/www.europesays.com\/fr\/wp-json\/wp\/v2\/tags?post=490419"}],"curies":[{"name":"wp","href":"https:\/\/api.w.org\/{rel}","templated":true}]}}