{"id":490421,"date":"2025-10-26T04:19:16","date_gmt":"2025-10-26T04:19:16","guid":{"rendered":"https:\/\/www.europesays.com\/fr\/490421\/"},"modified":"2025-10-26T04:19:16","modified_gmt":"2025-10-26T04:19:16","slug":"strasbourg-premier-groupe-pour-hateboer-ghezzal-de-retour","status":"publish","type":"post","link":"https:\/\/www.europesays.com\/fr\/490421\/","title":{"rendered":"Strasbourg : premier groupe pour Hateboer, Ghezzal de retour"},"content":{"rendered":"<p>                            <img width=\"770\" height=\"433\" src=\"https:\/\/www.europesays.com\/fr\/wp-content\/uploads\/2025\/10\/G3tvs6uXgAAz29H-e1761400334554-770x433.jpeg\" class=\"attachment-article size-article wp-post-image\" alt=\"Hans Hateboer, d\u00e9fenseur de l'OL\" decoding=\"async\" fetchpriority=\"high\"  \/><\/p>\n<p>Hans Hateboer, d\u00e9fenseur de l\u2019OL (@OL)<\/p>\n<p>Recrut\u00e9 il y a une semaine, Hans Hateboer va d\u00e9couvrir la routine d\u2019un avant-match \u00e0 l\u2019OL. Le d\u00e9fenseur n\u00e9erlandais est retenu pour la premi\u00e8re fois par Paulo Fonseca pour la venue de Strasbourg dimanche.<\/p>\n<p>Oblig\u00e9 de rester en tribunes jeudi contre le\u00a0<strong>FC B\u00e2le<\/strong>, Hans Hateboer va enfin pouvoir porter la tunique de l\u2019<strong>OL<\/strong>. D\u00e8s le coup d\u2019envoi ? R\u00e9ponse dimanche soir sous les coups de 20h, mais une chose est certaine, le N\u00e9erlandais postule pour une place dans le onze lyonnais.\u00a0<a href=\"https:\/\/www.olympique-et-lyonnais.com\/ol-mercato-hateboer-debarque-comme-joker-defensif,382648.html\" target=\"_blank\" rel=\"noopener\">Arriv\u00e9<\/a>\u00a0il y a une semaine dans la capitale des Gaules, le d\u00e9fenseur connait sa premi\u00e8re convocation dans le groupe rhodanien. Paulo\u00a0<strong>Fonseca<\/strong>\u00a0avait laiss\u00e9 entendre que sa nouvelle recrue \u00e9tait pr\u00eate pour le match de Ligue 1 contre\u00a0<strong>Strasbourg<\/strong>\u00a0et l\u2019a donc logiquement convi\u00e9 dans le groupe de 21 joueurs.<\/p>\n<p>Descamps devra attendre<\/p>\n<p>Pour ce choc de la fin de la 9e journ\u00e9e du championnat, l\u2019entra\u00eeneur portugais peut compter sur un groupe fatigu\u00e9 mais au complet. Ernest\u00a0<strong>Nuamah<\/strong>\u00a0et Orel\u00a0<strong>Mangala<\/strong>\u00a0font partie des absences de longue date, mais R\u00e9my\u00a0<strong>Descamps<\/strong>\u00a0a fait son\u00a0<a href=\"https:\/\/www.olympique-et-lyonnais.com\/ol-remy-descamps-a-remis-les-gants,383325.html\" target=\"_blank\" rel=\"noopener\">retour<\/a>\u00a0\u00e0 l\u2019entra\u00eenement. Le gardien fran\u00e7ais devra malgr\u00e9 tout patienter pour faire partie du groupe de l\u2019<strong>OL<\/strong>, apr\u00e8s seulement deux s\u00e9ances collectives. Retenus avec la r\u00e9serve pour le derby contre l\u2019<strong>AS Saint-\u00c9tienne<\/strong>, Enzo\u00a0<strong>Molebe<\/strong>\u00a0et Alejandro\u00a0<strong>Gomes Rodriguez<\/strong>\u00a0ne font pas partie du groupe pro, tout comme T\u00e9o\u00a0<strong>Barisic<\/strong>.<\/p>\n<p><strong>Le groupe de l&rsquo;OL :<\/strong>\u00a0Diarra, Greif, Da Silva &#8211; Tagliafico, Abner, Niakhat\u00e9, Kluivert, Mata, Hateboer, Maitland-Niles &#8211; Tessmann, Tolisso, Sulc, Morton, De Carvalho, Merah &#8211; Karabec, Fofana, Moreira, Satriano, Ghezzal<\/p>\n","protected":false},"excerpt":{"rendered":"Hans Hateboer, d\u00e9fenseur de l\u2019OL (@OL) Recrut\u00e9 il y a une semaine, Hans Hateboer va d\u00e9couvrir la routine&hellip;\n","protected":false},"author":2,"featured_media":490422,"comment_status":"","ping_status":"","sticky":false,"template":"","format":"standard","meta":{"footnotes":""},"categories":[2820],"tags":[1111,11,1777,674,1011,27,775,66,12,241,978,25,640],"class_list":{"0":"post-490421","1":"post","2":"type-post","3":"status-publish","4":"format-standard","5":"has-post-thumbnail","7":"category-strasbourg","8":"tag-actu","9":"tag-actualites","10":"tag-eu","11":"tag-europe","12":"tag-fr","13":"tag-france","14":"tag-grand-est","15":"tag-ligue-1","16":"tag-news","17":"tag-ol","18":"tag-olympique-lyonnais","19":"tag-republique-francaise","20":"tag-strasbourg"},"share_on_mastodon":{"url":"https:\/\/pubeurope.com\/@fr\/115438549081972583","error":""},"_links":{"self":[{"href":"https:\/\/www.europesays.com\/fr\/wp-json\/wp\/v2\/posts\/490421","targetHints":{"allow":["GET"]}}],"collection":[{"href":"https:\/\/www.europesays.com\/fr\/wp-json\/wp\/v2\/posts"}],"about":[{"href":"https:\/\/www.europesays.com\/fr\/wp-json\/wp\/v2\/types\/post"}],"author":[{"embeddable":true,"href":"https:\/\/www.europesays.com\/fr\/wp-json\/wp\/v2\/users\/2"}],"replies":[{"embeddable":true,"href":"https:\/\/www.europesays.com\/fr\/wp-json\/wp\/v2\/comments?post=490421"}],"version-history":[{"count":0,"href":"https:\/\/www.europesays.com\/fr\/wp-json\/wp\/v2\/posts\/490421\/revisions"}],"wp:featuredmedia":[{"embeddable":true,"href":"https:\/\/www.europesays.com\/fr\/wp-json\/wp\/v2\/media\/490422"}],"wp:attachment":[{"href":"https:\/\/www.europesays.com\/fr\/wp-json\/wp\/v2\/media?parent=490421"}],"wp:term":[{"taxonomy":"category","embeddable":true,"href":"https:\/\/www.europesays.com\/fr\/wp-json\/wp\/v2\/categories?post=490421"},{"taxonomy":"post_tag","embeddable":true,"href":"https:\/\/www.europesays.com\/fr\/wp-json\/wp\/v2\/tags?post=490421"}],"curies":[{"name":"wp","href":"https:\/\/api.w.org\/{rel}","templated":true}]}}