{"id":490436,"date":"2025-10-26T04:31:25","date_gmt":"2025-10-26T04:31:25","guid":{"rendered":"https:\/\/www.europesays.com\/fr\/490436\/"},"modified":"2025-10-26T04:31:25","modified_gmt":"2025-10-26T04:31:25","slug":"le-chauffard-circulait-avec-10-000-euros-en-liquide-et-un-pistolet-dans-la-boite-a-gants-a-marseille","status":"publish","type":"post","link":"https:\/\/www.europesays.com\/fr\/490436\/","title":{"rendered":"Le chauffard circulait avec 10 000 euros en liquide et un pistolet dans la bo\u00eete \u00e0 gants, \u00e0 Marseille"},"content":{"rendered":"<p>Un automobiliste qui prenait <a href=\"https:\/\/www.laprovence.com\/article\/faits-divers-justice\/2023251846629214\/un-chauffard-provoque-un-grave-accident-a-orange-et-se-fait-remplacer-par-son-frere-pour-lui-faire-porter-le-chapeau\" target=\"_blank\" rel=\"noopener\">des risques inconsid\u00e9r\u00e9s<\/a> a \u00e9t\u00e9 intercept\u00e9 par la police mardi 21\u00a0octobre dernier dans le 14e arrondissement de Marseille. Les 10\u00a0000\u00a0euros et l\u2019arme de poing trouv\u00e9s en sa possession ne seraient pas \u00e9trangers \u00e0 sa conduite dangereuse.<\/p>\n<p>Il \u00e9tait 0\u00a0h\u00a015 mardi dernier, lorsqu\u2019un \u00e9quipage de la compagnie d\u00e9partementale d\u2019intervention (<a href=\"https:\/\/www.laprovence.com\/article\/region\/1767677020345514\/le-sang-froid-des-policiers-apres-larrestation-de-tireurs-recompense-a-martigues\" target=\"_blank\" rel=\"noopener\">CDI<\/a>) qui patrouillait dans le 4e arrondissement de Marseille, a rep\u00e9r\u00e9 un SUV lanc\u00e9 \u00e0 toute allure sur l\u2019<a href=\"https:\/\/www.laprovence.com\/article\/faits-divers-justice\/5406242601051414\/rixe-sur-fond-de-cocaine-dans-le-4e-arrondissement-de-marseille\" target=\"_blank\" rel=\"noopener\">avenue des Chartreux<\/a>.<\/p>\n<p>Au volant de cet <a href=\"https:\/\/www.laprovence.com\/article\/france-monde\/344462386370614\/dubai-jusqua-quand-une-oasis-pour-les-narcos-europeens\" target=\"_blank\" rel=\"noopener\">Audi<\/a> Q3, un homme seul \u00e0 bord, multiplie<a href=\"https:\/\/www.laprovence.com\/article\/faits-divers-justice\/483907700341114\/une-adolescente-de-17-ans-percutee-par-une-voiture-a-aubagne-le-chauffard-interpelle\" target=\"_blank\" rel=\"noopener\"> les infractions<\/a> au code de la route et met en danger les usagers, compliquant la t\u00e2che pour les policiers. Car si ces derniers sont d\u00e9termin\u00e9s \u00e0 l\u2019intercepter, ils veulent \u00e0 tout prix \u00e9viter que le chauffard ne compromette davantage la s\u00e9curit\u00e9 des personnes qu\u2019ils croisent sur sa route.<\/p>\n<p><img alt=\"Il \u00e9tait 0 h 15 mardi dernier, lorsqu'un \u00e9quipage de la compagnie d\u00e9partementale d'intervention (CDI) qui patrouillait dans le 4e arrondissement de Marseille, a rep\u00e9r\u00e9 un SUV lanc\u00e9 \u00e0 toute allure sur l'avenue des Chartreux.\" loading=\"lazy\" decoding=\"async\" data-nimg=\"fill\" class=\" TwicCore_img__i9TC1 undefined  undefined\" style=\"position:absolute;height:100%;width:100%;left:0;top:0;right:0;bottom:0;color:transparent;background-size:cover;background-position:50% 50%;background-repeat:no-repeat;background-image:url(&quot;data:image\/svg+xml;charset=utf-8,%3Csvg xmlns='http:\/\/www.w3.org\/2000\/svg' %3E%3Cfilter id='b' color-interpolation-filters='sRGB'%3E%3CfeGaussianBlur stdDeviation='20'\/%3E%3CfeColorMatrix values='1 0 0 0 0 0 1 0 0 0 0 0 1 0 0 0 0 0 100 -1' result='s'\/%3E%3CfeFlood x='0' y='0' width='100%25' height='100%25'\/%3E%3CfeComposite operator='out' in='s'\/%3E%3CfeComposite in2='SourceGraphic'\/%3E%3CfeGaussianBlur stdDeviation='20'\/%3E%3C\/filter%3E%3Cimage width='100%25' height='100%25' x='0' y='0' preserveAspectRatio='none' style='filter: url(%23b);' href='https:\/\/pictures.laprovence.com\/cdn-cgi\/image\/blur=250\/media\/melody\/2025\/10\/23\/surprenant-une-voiture-en-train-de-griller-un-feu-rouge-a-vive-allure-sur-le-boulevard-de-plombieres-1761213357_b7df2ae900f86ecdf2ae900f8f1ef2v_.jpg'\/%3E%3C\/svg%3E&quot;)\"   src=\"https:\/\/www.europesays.com\/fr\/wp-content\/uploads\/2025\/10\/1761453085_7_surprenant-une-voiture-en-train-de-griller-un-feu-rouge-a-vive-allure-sur-le-boulevard-de-plombieres.jpeg\"\/>Il \u00e9tait 0 h 15 mardi dernier, lorsqu&rsquo;un \u00e9quipage de la compagnie d\u00e9partementale d&rsquo;intervention (CDI) qui patrouillait dans le 4e arrondissement de Marseille, a rep\u00e9r\u00e9 un SUV lanc\u00e9 \u00e0 toute allure sur l&rsquo;avenue des Chartreux. Photo illustration J\u00e9r\u00f4me ReyIl manque renverser une famille sur le trottoir<\/p>\n<p>Mais lorsque arriv\u00e9 dans le 14e arrondissement, le contrevenant grimpe sur un trottoir et manque renverser le couple et leurs enfants qui l\u2019empruntaient, l\u2019\u00e9quipage d\u00e9cide de mettre un terme au comportement p\u00e9rilleux du conducteur.<\/p>\n<p>Profitant d\u2019un relatif ralentissement de la circulation sur le <a href=\"https:\/\/www.laprovence.com\/videos\/marseille-une-concession-volkswagen-pille-par-les-meutiers-14e-arr\/9554948\" target=\"_blank\" rel=\"noopener\">boulevard Danielle Casanova<\/a>, les fonctionnaires activent gyrophare et deux-tons et parviennent \u00e0 contraindre l\u2019homme \u00e0 s\u2019arr\u00eater.<\/p>\n<p>Un pistolet Glock dans la bo\u00eete \u00e0 gants<\/p>\n<p>Interpell\u00e9, il a \u00e9t\u00e9 trouv\u00e9 en possession d\u2019une forte somme d\u2019argent, mais aussi d\u2019une arme de poing dans la bo\u00eete \u00e0 gants\u00a0: 10\u00a0200\u00a0euros d\u2019argent liquide, un <a href=\"https:\/\/www.laprovence.com\/article\/faits-divers-justice\/4833184471422815\/cartel-nord-sarmer-ou-mourir-de-la-kalachnikov-au-glock-le-5e-episode-de-notre-podcast\" target=\"_blank\" rel=\"noopener\">Glock<\/a> et son chargeur ont \u00e9t\u00e9 saisis par les policiers. Plac\u00e9 en garde \u00e0 vue, cet homme de 26\u00a0ans, connu au fichier des ant\u00e9c\u00e9dents judiciaires, a \u00e9t\u00e9 d\u00e9f\u00e9r\u00e9 en vue d\u2019une comparution sur reconnaissance pr\u00e9alable de culpabilit\u00e9 (CRPC).<\/p>\n<p><img alt=\"\" loading=\"lazy\" width=\"18\" height=\"18\" decoding=\"async\" data-nimg=\"1\" class=\"mx-[8px]\" style=\"color:transparent\" src=\"https:\/\/www.laprovence.com\/_next\/static\/media\/comment.b95dda91.svg\"\/>D\u00e9marrez la conversation<\/p>\n<p class=\"text-[1.8rem] mt-[32px]\">Votre opinion compte pour nous. Rejoignez la communaut\u00e9 laprovence.com en r\u00e9agissant sur l&rsquo;article Le chauffard circulait avec 10 000 euros en liquide et un pistolet dans la bo\u00eete \u00e0 gants, \u00e0 Marseille.<\/p>\n","protected":false},"excerpt":{"rendered":"Un automobiliste qui prenait des risques inconsid\u00e9r\u00e9s a \u00e9t\u00e9 intercept\u00e9 par la police mardi 21\u00a0octobre dernier dans le&hellip;\n","protected":false},"author":2,"featured_media":490437,"comment_status":"","ping_status":"","sticky":false,"template":"","format":"standard","meta":{"footnotes":""},"categories":[2814],"tags":[6541,17,1111,11,3396,1102,4378,15739,1777,674,4658,274,1011,27,48058,884,12,36406,882,25],"class_list":{"0":"post-490436","1":"post","2":"type-post","3":"status-publish","4":"format-standard","5":"has-post-thumbnail","7":"category-marseille","8":"tag-6541","9":"tag-17","10":"tag-actu","11":"tag-actualites","12":"tag-avec","13":"tag-breakingnews","14":"tag-chauffard","15":"tag-circulait","16":"tag-eu","17":"tag-europe","18":"tag-euros","19":"tag-faits-divers-justice","20":"tag-fr","21":"tag-france","22":"tag-liquide","23":"tag-marseille","24":"tag-news","25":"tag-pistolet","26":"tag-provence-alpes-cote-dazur","27":"tag-republique-francaise"},"share_on_mastodon":{"url":"https:\/\/pubeurope.com\/@fr\/115438596526372075","error":""},"_links":{"self":[{"href":"https:\/\/www.europesays.com\/fr\/wp-json\/wp\/v2\/posts\/490436","targetHints":{"allow":["GET"]}}],"collection":[{"href":"https:\/\/www.europesays.com\/fr\/wp-json\/wp\/v2\/posts"}],"about":[{"href":"https:\/\/www.europesays.com\/fr\/wp-json\/wp\/v2\/types\/post"}],"author":[{"embeddable":true,"href":"https:\/\/www.europesays.com\/fr\/wp-json\/wp\/v2\/users\/2"}],"replies":[{"embeddable":true,"href":"https:\/\/www.europesays.com\/fr\/wp-json\/wp\/v2\/comments?post=490436"}],"version-history":[{"count":0,"href":"https:\/\/www.europesays.com\/fr\/wp-json\/wp\/v2\/posts\/490436\/revisions"}],"wp:featuredmedia":[{"embeddable":true,"href":"https:\/\/www.europesays.com\/fr\/wp-json\/wp\/v2\/media\/490437"}],"wp:attachment":[{"href":"https:\/\/www.europesays.com\/fr\/wp-json\/wp\/v2\/media?parent=490436"}],"wp:term":[{"taxonomy":"category","embeddable":true,"href":"https:\/\/www.europesays.com\/fr\/wp-json\/wp\/v2\/categories?post=490436"},{"taxonomy":"post_tag","embeddable":true,"href":"https:\/\/www.europesays.com\/fr\/wp-json\/wp\/v2\/tags?post=490436"}],"curies":[{"name":"wp","href":"https:\/\/api.w.org\/{rel}","templated":true}]}}