{"id":490439,"date":"2025-10-26T04:33:19","date_gmt":"2025-10-26T04:33:19","guid":{"rendered":"https:\/\/www.europesays.com\/fr\/490439\/"},"modified":"2025-10-26T04:33:19","modified_gmt":"2025-10-26T04:33:19","slug":"deux-blesses-graves-dans-une-violente-collision-rue-jacquard","status":"publish","type":"post","link":"https:\/\/www.europesays.com\/fr\/490439\/","title":{"rendered":"deux bless\u00e9s graves dans une violente collision rue Jacquard"},"content":{"rendered":"<p itemprop=\"description\"><strong><br \/>&#13;<br \/>\nUn grave accident de la route s\u2019est produit ce vendredi soir \u00e0 Vaulx-en-Velin, dans le secteur du Carr\u00e9 de Soie.<br \/>&#13;<br \/>\n<\/strong><\/p>\n<p>Trois v\u00e9hicules sont entr\u00e9s en collision vers 20 heures, rue Jacquard.<\/p>\n<p>Rapidement d\u00e9p\u00each\u00e9s sur place, les sapeurs-pompiers ont pris en charge les occupants des voitures impliqu\u00e9es. Selon les secours, trois personnes ont \u00e9t\u00e9 bless\u00e9es, dont deux gri\u00e8vement. Ces derni\u00e8res ont \u00e9t\u00e9 \u00e9vacu\u00e9es vers les h\u00f4pitaux \u00c9douard-Herriot et Lyon-Sud pour y recevoir des soins d\u2019urgence, pr\u00e9cise le progr\u00e8s.<\/p>\n<p>Les circonstances exactes de la collision ne sont pas encore connues. Une enqu\u00eate devra d\u00e9terminer les causes de cet accident.\u00a0<\/p>\n","protected":false},"excerpt":{"rendered":"&#13; Un grave accident de la route s\u2019est produit ce vendredi soir \u00e0 Vaulx-en-Velin, dans le secteur du&hellip;\n","protected":false},"author":2,"featured_media":490440,"comment_status":"","ping_status":"","sticky":false,"template":"","format":"standard","meta":{"footnotes":""},"categories":[1889],"tags":[1111,11,2813,2190,2430,1109,251,1112,2811,1777,674,118,1011,27,1922,1110,1114,2428,2810,12,241,316,25,2812,517,800],"class_list":{"0":"post-490439","1":"post","2":"type-post","3":"status-publish","4":"format-standard","5":"has-post-thumbnail","7":"category-lyon","8":"tag-actu","9":"tag-actualites","10":"tag-article","11":"tag-asvel","12":"tag-auvergne-rhone-alpes","13":"tag-breves","14":"tag-culture","15":"tag-depeches","16":"tag-economique","17":"tag-eu","18":"tag-europe","19":"tag-faits-divers","20":"tag-fr","21":"tag-france","22":"tag-info","23":"tag-informations","24":"tag-infos","25":"tag-lyon","26":"tag-lyonmag","27":"tag-news","28":"tag-ol","29":"tag-politique","30":"tag-republique-francaise","31":"tag-sociale","32":"tag-sport","33":"tag-transports"},"share_on_mastodon":{"url":"https:\/\/pubeurope.com\/@fr\/115438603747783194","error":""},"_links":{"self":[{"href":"https:\/\/www.europesays.com\/fr\/wp-json\/wp\/v2\/posts\/490439","targetHints":{"allow":["GET"]}}],"collection":[{"href":"https:\/\/www.europesays.com\/fr\/wp-json\/wp\/v2\/posts"}],"about":[{"href":"https:\/\/www.europesays.com\/fr\/wp-json\/wp\/v2\/types\/post"}],"author":[{"embeddable":true,"href":"https:\/\/www.europesays.com\/fr\/wp-json\/wp\/v2\/users\/2"}],"replies":[{"embeddable":true,"href":"https:\/\/www.europesays.com\/fr\/wp-json\/wp\/v2\/comments?post=490439"}],"version-history":[{"count":0,"href":"https:\/\/www.europesays.com\/fr\/wp-json\/wp\/v2\/posts\/490439\/revisions"}],"wp:featuredmedia":[{"embeddable":true,"href":"https:\/\/www.europesays.com\/fr\/wp-json\/wp\/v2\/media\/490440"}],"wp:attachment":[{"href":"https:\/\/www.europesays.com\/fr\/wp-json\/wp\/v2\/media?parent=490439"}],"wp:term":[{"taxonomy":"category","embeddable":true,"href":"https:\/\/www.europesays.com\/fr\/wp-json\/wp\/v2\/categories?post=490439"},{"taxonomy":"post_tag","embeddable":true,"href":"https:\/\/www.europesays.com\/fr\/wp-json\/wp\/v2\/tags?post=490439"}],"curies":[{"name":"wp","href":"https:\/\/api.w.org\/{rel}","templated":true}]}}