{"id":490450,"date":"2025-10-26T04:42:39","date_gmt":"2025-10-26T04:42:39","guid":{"rendered":"https:\/\/www.europesays.com\/fr\/490450\/"},"modified":"2025-10-26T04:42:39","modified_gmt":"2025-10-26T04:42:39","slug":"pourquoi-laeroport-de-paris-orly-change-de-nom-pendant-quelques-jours","status":"publish","type":"post","link":"https:\/\/www.europesays.com\/fr\/490450\/","title":{"rendered":"Pourquoi l&rsquo;a\u00e9roport de Paris-Orly change de nom pendant quelques jours"},"content":{"rendered":"<p>Par toutatis, l\u2019a\u00e9roport de Paris-Orly ne s\u2019appelle plus ainsi ? C\u2019est effectivement le cas, pour quelques heures encore. <strong>Du 24 au 27 octobre, il se renomme Paris-OrlyX<\/strong> ! Mais pourquoi un \u00abX\u00bb est-il plac\u00e9 \u00e0 la fin du nom de l\u2019a\u00e9roport ?<\/p>\n<p>L\u2019explication est simple : non, ce n\u2019est pas une faute de frappe mais un coup de communication, sign\u00e9e par l\u2019agence Oval, \u00e0 l\u2019occasion de la sortie du <strong>41e opus de la bande dessin\u00e9e Ast\u00e9rix<\/strong> : \u00abAst\u00e9rix en Lusitanie\u00bb, apprend-on sur <a href=\"https:\/\/www.strategies.fr\/actualites\/marques\/LQ5291814C\/pour-la-sortie-d-asterix-en-lusitanie-laeroport-dorly-transforme-son-terminal-en-village-gaulois.html\" rel=\"nofollow noopener\" target=\"_blank\">Strat\u00e9gies<\/a>. La nouvelle aventure des irr\u00e9ductibles Gaulois est sortie le 23 octobre dernier, il fallait donc marquer le coup pour la sortie de la BD la plus lue dans le monde entier. Alors, <a href=\"https:\/\/www.capital.fr\/economie-politique\/transport-aerien-bonne-nouvelle-pour-les-passagers-europeens-1519831\" rel=\"nofollow noopener\" target=\"_blank\">quoi de mieux qu\u2019un a\u00e9roport <\/a>pour en faire sa promotion !<\/p>\n<p>Ast\u00e9rix &amp; Ob\u00e9lix : Mission communication<\/p>\n<p>Ainsi, un terminal du grand a\u00e9roport francilien a accueilli, vendredi, un grand banquet. Le lieu n\u2019a pas \u00e9t\u00e9 fait au hasard puisque le terminal choisi est le num\u00e9ro 4, celui par lequel transitent les voyageurs \u00e0 destination du Portugal, ou plut\u00f4t de la Lusitanie.<\/p>\n<p>D\u2019une id\u00e9e imagin\u00e9e par le <a href=\"https:\/\/www.capital.fr\/entreprises-marches\/adp-aeroports-de-paris-fragilise-par-les-changes-et-l-impot-enorme-manque-a-gagner-1515647\" rel=\"nofollow noopener\" target=\"_blank\">groupe ADP<\/a>, qui f\u00eate ses 80 ans cette ann\u00e9e, 250 habitants des communes voisines de l\u2019a\u00e9roport \u00e9taient convi\u00e9s \u00e0 un banquet afin de partager un menu \u00abgallo-lusitanien\u00bb \u00e0 Paris-OrlyX. Nous n\u2019y \u00e9tions pas, mais nous pouvons vous assurer qu\u2019il n\u2019y avait pas de salade c\u00e9sar au menu.<\/p>\n","protected":false},"excerpt":{"rendered":"Par toutatis, l\u2019a\u00e9roport de Paris-Orly ne s\u2019appelle plus ainsi ? C\u2019est effectivement le cas, pour quelques heures encore.&hellip;\n","protected":false},"author":2,"featured_media":490451,"comment_status":"","ping_status":"","sticky":false,"template":"","format":"standard","meta":{"footnotes":""},"categories":[1888],"tags":[11,61300,31746,1777,674,1011,27,12,16483,626,25],"class_list":{"0":"post-490450","1":"post","2":"type-post","3":"status-publish","4":"format-standard","5":"has-post-thumbnail","7":"category-paris","8":"tag-actualites","9":"tag-astu00e9rix","10":"tag-au00e9roports","11":"tag-eu","12":"tag-europe","13":"tag-fr","14":"tag-france","15":"tag-news","16":"tag-orly","17":"tag-paris","18":"tag-republique-francaise"},"share_on_mastodon":{"url":"https:\/\/pubeurope.com\/@fr\/115438639119735462","error":""},"_links":{"self":[{"href":"https:\/\/www.europesays.com\/fr\/wp-json\/wp\/v2\/posts\/490450","targetHints":{"allow":["GET"]}}],"collection":[{"href":"https:\/\/www.europesays.com\/fr\/wp-json\/wp\/v2\/posts"}],"about":[{"href":"https:\/\/www.europesays.com\/fr\/wp-json\/wp\/v2\/types\/post"}],"author":[{"embeddable":true,"href":"https:\/\/www.europesays.com\/fr\/wp-json\/wp\/v2\/users\/2"}],"replies":[{"embeddable":true,"href":"https:\/\/www.europesays.com\/fr\/wp-json\/wp\/v2\/comments?post=490450"}],"version-history":[{"count":0,"href":"https:\/\/www.europesays.com\/fr\/wp-json\/wp\/v2\/posts\/490450\/revisions"}],"wp:featuredmedia":[{"embeddable":true,"href":"https:\/\/www.europesays.com\/fr\/wp-json\/wp\/v2\/media\/490451"}],"wp:attachment":[{"href":"https:\/\/www.europesays.com\/fr\/wp-json\/wp\/v2\/media?parent=490450"}],"wp:term":[{"taxonomy":"category","embeddable":true,"href":"https:\/\/www.europesays.com\/fr\/wp-json\/wp\/v2\/categories?post=490450"},{"taxonomy":"post_tag","embeddable":true,"href":"https:\/\/www.europesays.com\/fr\/wp-json\/wp\/v2\/tags?post=490450"}],"curies":[{"name":"wp","href":"https:\/\/api.w.org\/{rel}","templated":true}]}}