{"id":490460,"date":"2025-10-26T04:47:46","date_gmt":"2025-10-26T04:47:46","guid":{"rendered":"https:\/\/www.europesays.com\/fr\/490460\/"},"modified":"2025-10-26T04:47:46","modified_gmt":"2025-10-26T04:47:46","slug":"lallemagne-remporte-la-premiere-manche-federation-francaise-de-football-fff","status":"publish","type":"post","link":"https:\/\/www.europesays.com\/fr\/490460\/","title":{"rendered":"L&rsquo;Allemagne remporte la premi\u00e8re manche | F\u00e9d\u00e9ration Fran\u00e7aise de Football (FFF)"},"content":{"rendered":"<p>                                                              <img data-twic-src=\"https:\/\/www.europesays.com\/fr\/wp-content\/uploads\/2025\/10\/3c740e4d3e29d0765b76d5e3a2024fdc.jpg\" data-credit=\"Zo\u00e9 JEULIN \/ FFF\" title=\"Zo\u00e9 JEULIN \/ FFF\" alt=\"Equipe de France F\u00e9minine Allemagne Ligue des Nations\" class=\"block\"\/>                                        <\/p>\n<p style=\"font-weight: bold\">L&rsquo;\u00c9quipe de France F\u00e9minine s&rsquo;est inclin\u00e9e (1-0) face \u00e0 l&rsquo;Allemagne \u00e0 D\u00fcsseldorf en demi-finale aller de la Ligue des Nations f\u00e9minine de l&rsquo;UEFA. Match retour mardi \u00e0 Caen, o\u00f9 le stade Michel-d&rsquo;Ornano sera \u00e0 guichets ferm\u00e9s. <\/p>\n<ul>\n<li class=\"light\">Trois mois apr\u00e8s l&rsquo;\u00e9limination \u00e0 l&rsquo;Euro, les Bleues ont perdu sur la plus petite des marges la demi-finale aller de Ligue des Nations f\u00e9minine face \u00e0 l&rsquo;Allemagne.\u00a0<\/li>\n<li class=\"light\">Pauline Peyraud-Magnin a longtemps pr\u00e9serv\u00e9 les siennes mais a finalement d\u00fb s&rsquo;incliner sur une belle frappe de Klara B\u00fchl.\u00a0<\/li>\n<li class=\"light\">Les Bleues joueront leur place en finale ce mardi 28 octobre dans un stade Michel-d&rsquo;Ornano de Caen <a href=\"https:\/\/www.fff.fr\/article\/15338-france-allemagne-a-guichets-fermes.html\" target=\"_blank\" rel=\"noopener nofollow\">\u00e0 guichets ferm\u00e9s<\/a> (21h10, sur W9).\u00a0<\/li>\n<\/ul>\n<p>\u00a0LE MATCH\u00a0<\/p>\n<p>Les Allemandes entament la partie pied au plancher et mettent imm\u00e9diatement <a href=\"https:\/\/www.fff.fr\/equipe-nationale\/joueur\/8414-peyraud-magnin-pauline\/fiche.html\" rel=\"nofollow noopener\" target=\"_blank\">Pauline Peyraud-Magnin<\/a> \u00e0 contribution. La porti\u00e8re tricolore doit d&rsquo;abord s&#8217;employer pour repousser une tentative de Nicole Anyomi, trouv\u00e9e par Carlotta Wamser (3e), avant de d\u00e9vier une belle frappe de Sjoeke Nusken, servie par Giulia Gwinn quelques instants plus tard (4e). Progressivement, les Bleues gagnent en rythme et en ma\u00eetrise, dans une rencontre marqu\u00e9e par l&rsquo;impact physique. Id\u00e9alement trouv\u00e9e dans le dos de la d\u00e9fense par <a href=\"https:\/\/www.fff.fr\/equipe-nationale\/joueur\/9253-bacha-selma\/fiche.html\" target=\"_blank\" rel=\"noopener nofollow\">Selma Bacha<\/a>, <a href=\"https:\/\/www.fff.fr\/equipe-nationale\/joueur\/7462-cascarino-delphine\/fiche.html\" target=\"_blank\" rel=\"noopener nofollow\">Delphine Cascarino<\/a> d\u00e9coche une belle frappe crois\u00e9e repouss\u00e9e par Stina Johannes que <a href=\"https:\/\/www.fff.fr\/equipe-nationale\/joueur\/7998-katoto-marie-antoinette\/fiche.html\" target=\"_blank\" rel=\"noopener nofollow\">Marie-Antoinette Katoto<\/a> tente de reprendre mais Kathrin Hendrich s&rsquo;interpose (22e). L&rsquo;attaquante de l&rsquo;OL Lyonnes pense ouvrir le score apr\u00e8s la demi-heure de jeu mais son but est logiquement refus\u00e9 pour une position de hors-jeu de <a href=\"https:\/\/www.fff.fr\/equipe-nationale\/joueur\/7004-geyoro-grace\/fiche.html\" target=\"_blank\" rel=\"noopener nofollow\">Grace Geyoro<\/a> (35e).\u00a0<\/p>\n<p><img decoding=\"async\" title=\"Zo\u00e9 JEULIN FFF\" src=\"https:\/\/www.europesays.com\/fr\/wp-content\/uploads\/2025\/10\/c7ace429226e9591e9e4330edd58fd29.jpg\" alt=\"\"\/><br \/>Delphine Cascarino et Selma Bacha (photo Zo\u00e9 JEULIN \/ FFF).<\/p>\n<p>L&rsquo;entame du second acte ressemble au premier, avec une Allemagne qui multiplie les situations dangereuses par Nusken (55e puis 66e) et Anyomi (57e) sans parvenir \u00e0 attraper le cadre. En difficult\u00e9, les Bleues r\u00e9pondent par Katoto sur un centre de Cascarino qui force Johannes \u00e0 s&#8217;employer (67e), avant que Peyraud-Magnin ne doive \u00e0 nouveau intervenir devant Nusken (69e).<\/p>\n<p>La rencontre s&#8217;emballe : \u00e0 peine entr\u00e9e en jeu, <a href=\"https:\/\/www.fff.fr\/equipe-nationale\/joueur\/9093-malard-melvine\/fiche.html\" target=\"_blank\" rel=\"noopener nofollow\">Melvine Malard<\/a> voit sa frappe fr\u00f4ler les cages adverses (72e) tandis que <a href=\"https:\/\/www.fff.fr\/equipe-nationale\/joueur\/8417-diani-kadidiatou\/fiche.html\" target=\"_blank\" rel=\"noopener nofollow\">Kadidiatou Diani<\/a> pousse Johannes \u00e0 r\u00e9aliser une parade \u00e0 bout portant (73e). Et alors que Malard a une nouvelle opportunit\u00e9 d&rsquo;ouvrir le score (78e), c&rsquo;est finalement l&rsquo;Allemagne qui vire en t\u00eate dans la foul\u00e9e. En fin de partie, Peyraud-Magnin remporte un nouveau duel face \u00e0 Selina Cerci (88e).\u00a0<\/p>\n<\/p>\n<p>\u00a0LE BUT\u00a0<\/p>\n<p><strong>&#8211; 1-0, Klara B\u00fchl (79e)<\/strong> : lanc\u00e9e sur l&rsquo;aile droite, Klara B\u00fchl d\u00e9borde avant de repiquer dans l&rsquo;axe et de d\u00e9cocher une lourde frappe crois\u00e9e du droit qui trompe Pauline Peyraud-Magnin.\u00a0<\/p>\n<p>La fiche technique<\/p>\n<p class=\"light\">Le vendredi 24 octobre 2025 \u00e0 D\u00fcsseldorf (D\u00fcsseldorf Arena).<br \/>Ligue des nations f\u00e9minine de l\u2019UEFA &#8211; Demi-finale aller\u00a0<\/p>\n<p><strong>ALLEMAGNE &#8211; FRANCE : 1-0 (0-0)<\/strong><\/p>\n<p><strong>40 000 spectateurs environ.<br \/>Arbitre<\/strong> : Ivana Projkovska (MKD).\u00a0<br \/><strong>Buts<\/strong> : B\u00fchl (79e) pour l&rsquo;Allemagne\u00a0<br \/><strong>Avertissements<\/strong> : Senss (63e) pour l&rsquo;Allemagne ; Lakrar (85e) et Malard (89e) pour la France.\u00a0<\/p>\n<p>\u00a0<\/p>\n<p><strong>ALLEMAGNE<\/strong> : Johannes &#8211; Gwinn (cap., puis Cerci 60e), Hendrich, K\u00fcver, Kett &#8211; Brand (puis Alara 90+1e), Senss, Nusken (puis Lohmann 80e) &#8211; \u00a0B\u00fchl (puis Zicai 80e), Wamser, Anyomi (puis Sch\u00fcller 60e). <br \/><strong>S\u00e9lectionneur<\/strong> : Christian W\u00fcck. <br \/><strong>Rempla\u00e7antes<\/strong> : Borggrafe, Dick, Dallmann, Freigang, Martinez, Schulze Solano.<\/p>\n<p>\u00a0<\/p>\n<p><strong>FRANCE<\/strong> : Peyraud-Magnin &#8211; De Almeida (puis Samoura 87e), Lakrar, Sombath, Bacha &#8211; Geyoro (cap.), Jean-Fran\u00e7ois, Baltimore (puis Mateo 71e) &#8211; Cascarino, Katoto (puis Malard 71e), Diani (puis Gago 87e). <br \/><strong>S\u00e9lectionneur<\/strong> : Laurent Bonadei. <br \/><strong>Rempla\u00e7antes<\/strong> : Chavas (g), Picaud (g), Bogaert, Mbock, Sangar\u00e9, Benyahia, Fazer, Bussy, Karchaoui.<\/p>\n<p><img decoding=\"async\" title=\"Zo\u00e9 JEULIN FFF\" src=\"https:\/\/www.europesays.com\/fr\/wp-content\/uploads\/2025\/10\/3bb90ba9761555849b8cdd2246b37e01.jpg\" alt=\"\"\/><br \/>Photo Zo\u00e9 JEULIN \/ FFF.<\/p>\n<p>\u00a0<\/p>\n<p>\u00a0LES R\u00c9ACTIONS\u00a0<\/p>\n<p><strong>Laurent Bonadei (s\u00e9lectionneur de l\u2019\u00c9quipe de France f\u00e9minine, sur France 4) : <\/strong>\u00ab C\u2019\u00e9tait une confrontation \u00e9quilibr\u00e9e face \u00e0 une belle \u00e9quipe d\u2019Allemagne qui n\u2019est pas troisi\u00e8me au classement FIFA pour rien. \u00c7a a \u00e9t\u00e9 dur pour les deux \u00e9quipes, nous avons aussi eu des occasions et notamment l\u2019opportunit\u00e9 d\u2019ouvrir le score mais la gardienne fait un bel arr\u00eat. C\u2019\u00e9tait un match \u00e2pre, \u00e9quilibr\u00e9, les Allemandes ont marqu\u00e9 sur une belle frappe de B\u00fchl, on sait qu\u2019elle en est capable. Nous sommes men\u00e9s 1-0 \u00e0 mi-parcours, il faudra donc marquer a minima un but au retour. On garde toutes nos chances de se qualifier, et je suis persuad\u00e9 que nous pouvons faire quelque chose de beau devant notre public \u00e0 Caen. \u00bb\u00a0<\/p>\n<p><img decoding=\"async\" title=\"Zo\u00e9 JEULIN FFF\" src=\"https:\/\/www.europesays.com\/fr\/wp-content\/uploads\/2025\/10\/94670556c9e180ac340125429eff58ba.jpg\" alt=\"\"\/><br \/>Laurent Bonadei (photo Zo\u00e9 JEULIN \/ FFF)<\/p>\n<p><strong>Grace Geyoro (capitaine de l&rsquo;\u00c9quipe de France f\u00e9minine, sur France 4)<\/strong> : \u00ab Elles \u00e9taient \u00e0 domicile et ont eu beaucoup d\u2019opportunit\u00e9s, dont une qu\u2019elles parviennent \u00e0 mettre au fond. Nous en avons eu aussi, cela aurait pu se finir autrement aujourd\u2019hui mais c\u2019est comme \u00e7a. On va bien r\u00e9cup\u00e9rer, analyser cette rencontre et bien se pr\u00e9parer pour le match retour. Ce sera devant nos supporters, on va tout donner pour mettre le feu. \u00bb<\/p>\n<\/p>\n<p>\u00a0LES STATISTIQUES\u00a0<\/p>\n<p style=\"text-align: left;\">\u25ba Les Bleues ont disput\u00e9 le <strong>533e<\/strong> match de leur histoire (317 succ\u00e8s, 93 nuls, 123 d\u00e9faites, 1 159 bp, 512 bc).\u00a0<br \/>\u25ba<strong> 17e rencontre<\/strong> de Laurent Bonadei \u00e0 la t\u00eate des F\u00e9minines A depuis sa nomination, le 23 ao\u00fbt 2024 (13 victoires, 1 nul, 3 d\u00e9faites, 36 bp, 17 bc).<br \/>\u25ba <strong>25e confrontation<\/strong> entre Fran\u00e7aises et Allemandes depuis 1987 (6 victoires, 5 nuls, 14 d\u00e9faites, 22 bp, 48 bc).\u00a0<br \/>\u25ba Plusieurs Tricolores ont pass\u00e9 des caps symboliques : <strong>60<\/strong> <strong>s\u00e9lections<\/strong> pour Marie-Antoinette Katoto, <strong>70<\/strong> pour Pauline Peyraud-Magnin et <strong>80<\/strong> pour Delphine Cascarino.\u00a0<br \/>\u25ba Avec <strong>119 apparitions<\/strong> sous le maillot bleu, Kadidiatou Diani est la joueuse la plus cap\u00e9e de la s\u00e9lection pour ce rassemblement.\u00a0<\/p>\n","protected":false},"excerpt":{"rendered":"L&rsquo;\u00c9quipe de France F\u00e9minine s&rsquo;est inclin\u00e9e (1-0) face \u00e0 l&rsquo;Allemagne \u00e0 D\u00fcsseldorf en demi-finale aller de la Ligue&hellip;\n","protected":false},"author":2,"featured_media":490461,"comment_status":"","ping_status":"","sticky":false,"template":"","format":"standard","meta":{"footnotes":""},"categories":[1587],"tags":[11,672,1804,1805,1803,1777,674,85,1801,12,1802],"class_list":{"0":"post-490460","1":"post","2":"type-post","3":"status-publish","4":"format-standard","5":"has-post-thumbnail","7":"category-allemagne","8":"tag-actualites","9":"tag-allemagne","10":"tag-bundesrepublik-deutschland","11":"tag-de","12":"tag-deutschland","13":"tag-eu","14":"tag-europe","15":"tag-fff","16":"tag-germany","17":"tag-news","18":"tag-republique-federale-dallemagne"},"share_on_mastodon":{"url":"https:\/\/pubeurope.com\/@fr\/115438659267590505","error":""},"_links":{"self":[{"href":"https:\/\/www.europesays.com\/fr\/wp-json\/wp\/v2\/posts\/490460","targetHints":{"allow":["GET"]}}],"collection":[{"href":"https:\/\/www.europesays.com\/fr\/wp-json\/wp\/v2\/posts"}],"about":[{"href":"https:\/\/www.europesays.com\/fr\/wp-json\/wp\/v2\/types\/post"}],"author":[{"embeddable":true,"href":"https:\/\/www.europesays.com\/fr\/wp-json\/wp\/v2\/users\/2"}],"replies":[{"embeddable":true,"href":"https:\/\/www.europesays.com\/fr\/wp-json\/wp\/v2\/comments?post=490460"}],"version-history":[{"count":0,"href":"https:\/\/www.europesays.com\/fr\/wp-json\/wp\/v2\/posts\/490460\/revisions"}],"wp:featuredmedia":[{"embeddable":true,"href":"https:\/\/www.europesays.com\/fr\/wp-json\/wp\/v2\/media\/490461"}],"wp:attachment":[{"href":"https:\/\/www.europesays.com\/fr\/wp-json\/wp\/v2\/media?parent=490460"}],"wp:term":[{"taxonomy":"category","embeddable":true,"href":"https:\/\/www.europesays.com\/fr\/wp-json\/wp\/v2\/categories?post=490460"},{"taxonomy":"post_tag","embeddable":true,"href":"https:\/\/www.europesays.com\/fr\/wp-json\/wp\/v2\/tags?post=490460"}],"curies":[{"name":"wp","href":"https:\/\/api.w.org\/{rel}","templated":true}]}}