{"id":490462,"date":"2025-10-26T04:48:13","date_gmt":"2025-10-26T04:48:13","guid":{"rendered":"https:\/\/www.europesays.com\/fr\/490462\/"},"modified":"2025-10-26T04:48:13","modified_gmt":"2025-10-26T04:48:13","slug":"heure-dete-ou-heure-dhiver-leurope-a-du-mal-a-regler-sa-pendule","status":"publish","type":"post","link":"https:\/\/www.europesays.com\/fr\/490462\/","title":{"rendered":"heure d\u2019\u00e9t\u00e9 ou heure d\u2019hiver\u00a0? L\u2019Europe a du mal \u00e0 r\u00e9gler sa pendule"},"content":{"rendered":"<p>Une fois par semestre, c\u2019est la m\u00eame rengaine. L\u2019espace d\u2019un instant, au r\u00e9veil, le doute nous envahit\u00a0: sommes-nous \u00e0 la bonne heure\u00a0? Ce matin, rebelote\u00a0: il faut veiller \u00e0 se caler sur le bon tempo. Pourtant, cela fait bien longtemps que le rituel datant du choc p\u00e9trolier des ann\u00e9es 1970 aurait d\u00fb cesser. Sur le tapis depuis 2018, la suppression du changement d\u2019heure \u00e9tait pr\u00e9vue, mordicus, pour mars\u00a02019. Tout le monde \u00e9tait d\u2019accord pour en finir, mais chacun voulait imposer son choix. Pour les pays du nord du continent, la pr\u00e9f\u00e9rence allait nettement \u00e0 la formule d\u2019hiver, plus en phase avec le soleil et &#8211; suppos\u00e9ment &#8211; le rythme biologique humain. Dans le sud, c\u2019est diff\u00e9rent. La France, l\u2019Italie et l\u2019Espagne pr\u00e9f\u00e9raient l\u2019option estivale et les longues soir\u00e9es sur la terrasse.<\/p>\n<p>Bref, face \u00e0 ce d\u00e9saccord philosophique de fond, tous ont d\u00e9cid\u00e9 sagement de placer la mesure en sommeil. Jusqu\u2019\u00e0 quand\u00a0? Eh bien jeudi dernier. Le 23\u00a0octobre, l\u2019hibernation s\u2019est termin\u00e9e par une d\u00e9cision de la Commission\u00a0: la commande d\u2019une nouvelle analyse sur l\u2019abolition du changement d\u2019heure. Diantre\u00a0! Quelle audace\u00a0! Il y a fort \u00e0 parier que le r\u00e9sultat de cette \u00e9tude pointue ira rejoindre les tonnes de paperasse qui dorment d\u00e9j\u00e0 dans les archives. Sans \u00eatre devin, les conclusions exprimeront, sans doute, la n\u00e9cessit\u00e9 d\u2019en finir avec une gymnastique qui fatigue les citoyens &#8211; au propre comme au figur\u00e9 -, et dont l\u2019efficacit\u00e9 en termes d\u2019\u00e9conomies d\u2019\u00e9nergie est sujette \u00e0 caution. Gr\u00e2ce \u00e0 cet avis scientifique, les vingt-sept pourront ainsi d\u00e9montrer leur sagacit\u00e9 en supprimant un dispositif que plus personne ne souhaite depuis des lustres. L\u2019heure de synchroniser nos pendules une fois pour toutes est venue\u00a0: c\u2019est le sens de l\u2019histoire europ\u00e9enne. Mais alors, juste pour bien comprendre, on avance ou on recule la petite aiguille\u00a0?<\/p>\n","protected":false},"excerpt":{"rendered":"Une fois par semestre, c\u2019est la m\u00eame rengaine. L\u2019espace d\u2019un instant, au r\u00e9veil, le doute nous envahit\u00a0: sommes-nous&hellip;\n","protected":false},"author":2,"featured_media":490463,"comment_status":"","ping_status":"","sticky":false,"template":"","format":"standard","meta":{"footnotes":""},"categories":[1586],"tags":[11,2518,1777,674,107,1011,27,329,12,25,273,104],"class_list":{"0":"post-490462","1":"post","2":"type-post","3":"status-publish","4":"format-standard","5":"has-post-thumbnail","7":"category-europe","8":"tag-actualites","9":"tag-edito","10":"tag-eu","11":"tag-europe","12":"tag-fil-info","13":"tag-fr","14":"tag-france","15":"tag-france-monde","16":"tag-news","17":"tag-republique-francaise","18":"tag-selection-de-la-redaction","19":"tag-societe"},"share_on_mastodon":{"url":"https:\/\/pubeurope.com\/@fr\/115438662809655280","error":""},"_links":{"self":[{"href":"https:\/\/www.europesays.com\/fr\/wp-json\/wp\/v2\/posts\/490462","targetHints":{"allow":["GET"]}}],"collection":[{"href":"https:\/\/www.europesays.com\/fr\/wp-json\/wp\/v2\/posts"}],"about":[{"href":"https:\/\/www.europesays.com\/fr\/wp-json\/wp\/v2\/types\/post"}],"author":[{"embeddable":true,"href":"https:\/\/www.europesays.com\/fr\/wp-json\/wp\/v2\/users\/2"}],"replies":[{"embeddable":true,"href":"https:\/\/www.europesays.com\/fr\/wp-json\/wp\/v2\/comments?post=490462"}],"version-history":[{"count":0,"href":"https:\/\/www.europesays.com\/fr\/wp-json\/wp\/v2\/posts\/490462\/revisions"}],"wp:featuredmedia":[{"embeddable":true,"href":"https:\/\/www.europesays.com\/fr\/wp-json\/wp\/v2\/media\/490463"}],"wp:attachment":[{"href":"https:\/\/www.europesays.com\/fr\/wp-json\/wp\/v2\/media?parent=490462"}],"wp:term":[{"taxonomy":"category","embeddable":true,"href":"https:\/\/www.europesays.com\/fr\/wp-json\/wp\/v2\/categories?post=490462"},{"taxonomy":"post_tag","embeddable":true,"href":"https:\/\/www.europesays.com\/fr\/wp-json\/wp\/v2\/tags?post=490462"}],"curies":[{"name":"wp","href":"https:\/\/api.w.org\/{rel}","templated":true}]}}