{"id":490470,"date":"2025-10-26T04:52:15","date_gmt":"2025-10-26T04:52:15","guid":{"rendered":"https:\/\/www.europesays.com\/fr\/490470\/"},"modified":"2025-10-26T04:52:15","modified_gmt":"2025-10-26T04:52:15","slug":"radio-intensite-football-coupe-de-france-blois-elimine-chartres","status":"publish","type":"post","link":"https:\/\/www.europesays.com\/fr\/490470\/","title":{"rendered":"RADIO INTENSITE | FOOTBALL \u2013 Coupe de France\u00a0: Blois \u00e9limine Chartres"},"content":{"rendered":"\n<p class=\"western\">Football. Chartres (N3) \u00e9limin\u00e9 dans le 6e tour de la coupe de France par Blois (N2) sur le score de 3 \u00e0 1. Aucun but en premi\u00e8re p\u00e9riode, Blois ouvre le score \u00e0 la 72e, double la mise \u00e0 la 81e. Chartres r\u00e9duit le score \u00e0 la 84 par Hermann Baka. Blois marque son 3e but dans les arr\u00eats de jeu. Le 7e tour de la coupe de France est donc pour Blois.<\/p>\n<p class=\"western\">Orl\u00e9ans (N) qui a avait \u00e9limin\u00e9 L\u00e8ves au pr\u00e9c\u00e9dent tour a battu Vineuil (R1) 3 \u00e0 0. Trois buts inscrits en seconde p\u00e9riode.<\/p>\n<p class=\"western\">Le Fc Drouais (R1) jouera cet apr\u00e8s-midi dans l&rsquo;Indre et sera oppos\u00e9 \u00e0 l&rsquo;\u00e9quipe du Poin\u00e7onnet qui \u00e9volue en (R3).<\/p>\n","protected":false},"excerpt":{"rendered":"Football. Chartres (N3) \u00e9limin\u00e9 dans le 6e tour de la coupe de France par Blois (N2) sur le&hellip;\n","protected":false},"author":2,"featured_media":490471,"comment_status":"","ping_status":"","sticky":false,"template":"","format":"standard","meta":{"footnotes":""},"categories":[4],"tags":[61308,61309,61310,61311,11,4763,6874,903,1939,118,1011,27,61304,61305,61307,61302,37289,61303,61306,1114,5590,1197,12,316,1825,35435,61301,6133,25,3686],"class_list":{"0":"post-490470","1":"post","2":"type-post","3":"status-publish","4":"format-standard","5":"has-post-thumbnail","7":"category-france","8":"tag-actu-chartres","9":"tag-actu-chateaudun","10":"tag-actu-dreux","11":"tag-actu-nogent-le-rotrou","12":"tag-actualites","13":"tag-agenda","14":"tag-cadeau","15":"tag-concours","16":"tag-eure-et-loir","17":"tag-faits-divers","18":"tag-fr","19":"tag-france","20":"tag-info-chartres","21":"tag-info-chateaudun","22":"tag-info-dreux","23":"tag-info-eure-et-loir","24":"tag-info-locale","25":"tag-info-locale-eure-et-loir","26":"tag-info-nogent-le-rotrou","27":"tag-infos","28":"tag-intensite","29":"tag-jeu","30":"tag-news","31":"tag-politique","32":"tag-radio","33":"tag-radio-intensite","34":"tag-region-centre-val-de-loire","35":"tag-reportages","36":"tag-republique-francaise","37":"tag-sortie"},"share_on_mastodon":{"url":"https:\/\/pubeurope.com\/@fr\/115438678406062059","error":""},"_links":{"self":[{"href":"https:\/\/www.europesays.com\/fr\/wp-json\/wp\/v2\/posts\/490470","targetHints":{"allow":["GET"]}}],"collection":[{"href":"https:\/\/www.europesays.com\/fr\/wp-json\/wp\/v2\/posts"}],"about":[{"href":"https:\/\/www.europesays.com\/fr\/wp-json\/wp\/v2\/types\/post"}],"author":[{"embeddable":true,"href":"https:\/\/www.europesays.com\/fr\/wp-json\/wp\/v2\/users\/2"}],"replies":[{"embeddable":true,"href":"https:\/\/www.europesays.com\/fr\/wp-json\/wp\/v2\/comments?post=490470"}],"version-history":[{"count":0,"href":"https:\/\/www.europesays.com\/fr\/wp-json\/wp\/v2\/posts\/490470\/revisions"}],"wp:featuredmedia":[{"embeddable":true,"href":"https:\/\/www.europesays.com\/fr\/wp-json\/wp\/v2\/media\/490471"}],"wp:attachment":[{"href":"https:\/\/www.europesays.com\/fr\/wp-json\/wp\/v2\/media?parent=490470"}],"wp:term":[{"taxonomy":"category","embeddable":true,"href":"https:\/\/www.europesays.com\/fr\/wp-json\/wp\/v2\/categories?post=490470"},{"taxonomy":"post_tag","embeddable":true,"href":"https:\/\/www.europesays.com\/fr\/wp-json\/wp\/v2\/tags?post=490470"}],"curies":[{"name":"wp","href":"https:\/\/api.w.org\/{rel}","templated":true}]}}