{"id":490472,"date":"2025-10-26T04:55:15","date_gmt":"2025-10-26T04:55:15","guid":{"rendered":"https:\/\/www.europesays.com\/fr\/490472\/"},"modified":"2025-10-26T04:55:15","modified_gmt":"2025-10-26T04:55:15","slug":"le-premier-de-la-phase-reguliere-ne-monte-pas-phase-finale-barrage-daccession-quel-systeme-de-promotion-entre-la-pro-d2-et-le-top-14","status":"publish","type":"post","link":"https:\/\/www.europesays.com\/fr\/490472\/","title":{"rendered":"Le premier de la phase r\u00e9guli\u00e8re ne monte pas, phase finale, barrage d\u2019accession\u2026 Quel syst\u00e8me de promotion entre la Pro D2 et le Top\u00a014"},"content":{"rendered":"<p>En Pro D2, le premier de la phase r\u00e9guli\u00e8re n\u2019est pas assur\u00e9 de monter en Top 14 la saison suivante. C\u2019\u00e9tait le cas jusqu\u2019\u00e0 la saison 2016-2017 mais, depuis 2017-2018, le pr\u00e9cieux ticket pour l\u2019\u00e9lite du rugby fran\u00e7ais est d\u00e9croch\u00e9 par le vainqueur de la phase finale.<\/p>\n<p>Ainsi, Grenoble, qui avait domin\u00e9 la phase r\u00e9guli\u00e8re la saison pass\u00e9e, a chut\u00e9 en finale face \u00e0 Montauban, seulement 6e apr\u00e8s les 30 journ\u00e9es. Et c\u2019est loin d\u2019\u00eatre un cas isol\u00e9 puisque, sur les quatre derni\u00e8res saisons, un seul premier du championnat a finalement \u00e9t\u00e9 promu en Top 14 (Oyonnax en 2023). Le <a href=\"https:\/\/www.letelegramme.fr\/sports\/rugby\/rc-vannes\/\" target=\"_blank\" rel=\"nofollow noopener\">RC Vannes<\/a>, 2e en 2024, en avait profit\u00e9 en \u00e9tant champion \u00e0 l\u2019issue de la phase finale alors que Provence Rugby, leader, avait perdu en demi-finale.<\/p>\n<p>Quel format ?<\/p>\n<p>Voil\u00e0 comment se d\u00e9roule une saison de Pro D2. Les 16 \u00e9quipes s\u2019affrontent d\u2019abord en matchs aller-retour lors de la phase r\u00e9guli\u00e8re. \u00c0 l\u2019issue de ces 30 journ\u00e9es, les six premiers du classement participent \u00e0 la phase finale qui offre au vainqueur le titre de champion de Pro D2 et la promotion en Top 14. Il y a quand m\u00eame un avantage \u00e0 \u00eatre bien class\u00e9 \u00e0 la fin de la phase r\u00e9guli\u00e8re. Les deux premiers acc\u00e8dent directement aux demi-finales et recevront l\u2019un des vainqueurs des barrages. Les troisi\u00e8me et quatri\u00e8me re\u00e7oivent les sixi\u00e8me et cinqui\u00e8me lors de ces derniers. La finale a lieu sur terrain neutre, au Stade Ernest-Wallon de Toulouse depuis la saison 2022-2023 (ce sera encore le cas cette saison).<\/p>\n<p>Une deuxi\u00e8me chance<\/p>\n<p>Il existe une deuxi\u00e8me opportunit\u00e9 de monter \u00e0 l\u2019\u00e9tage sup\u00e9rieur pour le finaliste malheureux. Ce dernier re\u00e7oit le 13e, avant-dernier, du Top 14 lors du barrage d\u2019accession. Mais lors des quatre derni\u00e8res saisons, l\u2019\u00e9quipe du Top 14 s\u2019est sauv\u00e9e \u00e0 chaque fois (trois fois Perpignan, une fois Montpellier).<\/p>\n<p>Le programme de la phase finale saison 2025-2026<\/p>\n<p><strong class=\"tech\">Barrages (3e &#8211; 6e et 4e &#8211; 5e) : <\/strong>entre le 21 et le 24 mai 2026.<\/p>\n<p><strong class=\"tech\">Demi-finales (1er &#8211; 4e ou 5e et 2e &#8211; 3e ou 6e) :<\/strong> entre le 28 et le 31 mai 2026.<\/p>\n<p><strong class=\"tech\">Finale :<\/strong> entre le 5 et le 7 juin \u00e0 Toulouse.<\/p>\n<p><strong class=\"tech\">Barrage d\u2019accession (finale de Pro D2 &#8211; 13e de Top 14) : <\/strong>entre le 12 et le 14 juin sur le terrain du finaliste de Pro D2.<\/p>\n","protected":false},"excerpt":{"rendered":"En Pro D2, le premier de la phase r\u00e9guli\u00e8re n\u2019est pas assur\u00e9 de monter en Top 14 la&hellip;\n","protected":false},"author":2,"featured_media":490473,"comment_status":"","ping_status":"","sticky":false,"template":"","format":"standard","meta":{"footnotes":""},"categories":[1416],"tags":[1011,27,2308,3164,3167,479,1468,60,3165],"class_list":{"0":"post-490472","1":"post","2":"type-post","3":"status-publish","4":"format-standard","5":"has-post-thumbnail","7":"category-rugby","8":"tag-fr","9":"tag-france","10":"tag-pro-d2","11":"tag-rc-vannes","12":"tag-rcv","13":"tag-rugby","14":"tag-rugby-football","15":"tag-sports","16":"tag-vannes"},"share_on_mastodon":{"url":"https:\/\/pubeurope.com\/@fr\/115438690174077829","error":""},"_links":{"self":[{"href":"https:\/\/www.europesays.com\/fr\/wp-json\/wp\/v2\/posts\/490472","targetHints":{"allow":["GET"]}}],"collection":[{"href":"https:\/\/www.europesays.com\/fr\/wp-json\/wp\/v2\/posts"}],"about":[{"href":"https:\/\/www.europesays.com\/fr\/wp-json\/wp\/v2\/types\/post"}],"author":[{"embeddable":true,"href":"https:\/\/www.europesays.com\/fr\/wp-json\/wp\/v2\/users\/2"}],"replies":[{"embeddable":true,"href":"https:\/\/www.europesays.com\/fr\/wp-json\/wp\/v2\/comments?post=490472"}],"version-history":[{"count":0,"href":"https:\/\/www.europesays.com\/fr\/wp-json\/wp\/v2\/posts\/490472\/revisions"}],"wp:featuredmedia":[{"embeddable":true,"href":"https:\/\/www.europesays.com\/fr\/wp-json\/wp\/v2\/media\/490473"}],"wp:attachment":[{"href":"https:\/\/www.europesays.com\/fr\/wp-json\/wp\/v2\/media?parent=490472"}],"wp:term":[{"taxonomy":"category","embeddable":true,"href":"https:\/\/www.europesays.com\/fr\/wp-json\/wp\/v2\/categories?post=490472"},{"taxonomy":"post_tag","embeddable":true,"href":"https:\/\/www.europesays.com\/fr\/wp-json\/wp\/v2\/tags?post=490472"}],"curies":[{"name":"wp","href":"https:\/\/api.w.org\/{rel}","templated":true}]}}