{"id":490480,"date":"2025-10-26T05:02:13","date_gmt":"2025-10-26T05:02:13","guid":{"rendered":"https:\/\/www.europesays.com\/fr\/490480\/"},"modified":"2025-10-26T05:02:13","modified_gmt":"2025-10-26T05:02:13","slug":"miss-france-2024-particulierement-anxieuse-avant-le","status":"publish","type":"post","link":"https:\/\/www.europesays.com\/fr\/490480\/","title":{"rendered":"Miss France 2024 particuli\u00e8rement anxieuse avant le &#8230;"},"content":{"rendered":"<p>EN BREF<\/p>\n<ul class=\"bloc_resume_post_list\">\n<li>\u00c8ve Gilles repr\u00e9sentera la France au concours Miss<br \/>\nUnivers le 21 novembre \u00e0 Bangkok, Tha\u00eflande.<\/li>\n<li>Elle a commenc\u00e9 par Miss Hersin-Coupigny et est devenue<br \/>\nMiss Nord-Pas-de-Calais avant de remporter Miss France.<\/li>\n<li>Elle aborde la question de la chirurgie esth\u00e9tique,<br \/>\naffirmant qu\u00a0\u00bbelle pr\u00e9f\u00e8re rester naturelle pour Miss<br \/>\nUnivers.<\/li>\n<\/ul>\n<p><a href=\"https:\/\/www.telestar.fr\/tele_realite\/danse-avec-les-stars-2025-ces-crises-deve-gilles-pas-vues-a-la-television-1716480\" target=\"_blank\" rel=\"noopener\"><br \/>\n\u00c8ve Gilles<\/a> repr\u00e9sentera la France au 74eme concours de <a href=\"https:\/\/www.telestar.fr\/actu-tv\/miss-univers\/miss-univers-2023-qui-est-la-superbe-miss-nicaragua-sheynnis-palacios-vainqueur-du-concours-846415\" target=\"_blank\" rel=\"noopener\"><br \/>\nMiss Univers<\/a>, le 21 novembre prochain, \u00e0 Bangkok, en<br \/>\nTha\u00eflande. Une \u00e9tape importante sur laquelle la jeune femme s\u2019est<br \/>\nvolontiers confi\u00e9e lors d\u2019une interview. A nos confr\u00e8res de chez<br \/>\nT\u00e9l\u00e9-Loisirs, la reine de beaut\u00e9 a soulign\u00e9 le fait que<br \/>\nMiss Univers \u00e9tait pour elle \u00ab\u00a0<strong>la cons\u00e9cration<br \/>\nfinale<\/strong> !\u00a0\u00bb.<\/p>\n<p>Reprenant <a href=\"https:\/\/www.closermag.fr\/people\/eve-gilles-en-couple-jetais-dans-le-jury-son-compagnon-simon-en-dit-plus-sur-leur-rencontre-et-leur-histoire-damour-3529257\" target=\"_blank\" rel=\"noopener\"><br \/>\nson parcours<\/a>, elle a d\u00e9clar\u00e9 : \u00ab\u00a0J\u2019ai commenc\u00e9 par un<br \/>\nconcours local, <strong>Miss<br \/>\nHersin-Coupigny<\/strong>, je suis devenue<br \/>\n<strong>Miss Nord-Pas-de-Calais<\/strong>, j\u2019ai<br \/>\nencha\u00een\u00e9 avec <a href=\"https:\/\/www.telestar.fr\/actu-tv\/miss-france\/miss-france-2024-indira-ampiot-va-t-elle-reprendre-ses-etudes-apres-son-regne-847339\" target=\"_blank\" rel=\"noopener\"><br \/>\nMiss France<\/a>, ma voix a pris de plus en plus<br \/>\nd\u2019importance et j\u2019ai pu m\u2019\u00e9largir sur \u00e9norm\u00e9ment de sujets\u00a0\u00bb.<br \/>\n\u00ab\u00a0C\u2019est aussi peut-\u00eatre <strong>mon dernier<br \/>\nconcours<\/strong> dans le monde des Miss, donc je veux<br \/>\nappr\u00e9cier une derni\u00e8re fois ces concours qui me font vibrer\u00a0\u00bb,<br \/>\na-t-elle ajout\u00e9.<\/p>\n<p>\u00c8ve Gilles : anxieuse pour Miss Univers ?<\/p>\n<p>Tr\u00e8s franche, <strong>\u00c8ve Gilles<\/strong> a avou\u00e9 ressentir du<br \/>\nstress face \u00e0 ce concours, qui sera <strong>diffus\u00e9e sur Paris<br \/>\nPremi\u00e8re<\/strong> la nuit du jeudi 20 novembre \u00e0 partir de 2<br \/>\nheures du matin. \u00ab\u00a0Oui parce que mes valises ne sont pas pr\u00eates,<br \/>\nje suis encore <strong>en recherche de<br \/>\ncr\u00e9ations<\/strong>, de cr\u00e9ateurs parce que j\u2019ai envie de<br \/>\nles mettre un maximum en avant\u00a0\u00bb, a-t-elle confi\u00e9.<\/p>\n<blockquote class=\"instagram-media\" style=\"background: #ffffff;border: 0;margin: 1px;width: 100%;padding: 0;max-width: 500px;\" data-instgrm-permalink=\"https:\/\/www.instagram.com\/p\/DQJPtecDSXw\/?utm_source=ig_web_copy_link&amp;igsh=MzRlODBiNWFlZA==\" data-instgrm-version=\"14\"\/>\n<p>\u00ab\u00a0Tout avance positivement\u00a0\u00bb, assure-t-elle, en affirmant<br \/>\n: \u00ab\u00a0Il y a un stress, c\u2019est normal, c\u2019est un concours<br \/>\ninternational\u00a0\u00bb. Pour elle, \u00ab\u00a0s\u2019il n\u2019y a pas de stress c\u2019est<br \/>\nque \u00e7a ne <strong>me tient pas \u00e0 c\u0153ur<\/strong>.<br \/>\nC\u2019est un stress qui me donne juste envie de donner mon maximum<br \/>\n!\u00a0\u00bb. Une tr\u00e8s belle mentalit\u00e9 de la jeune femme de 22 ans qui<br \/>\nen a vu <a href=\"https:\/\/www.telestar.fr\/people\/jai-cru-a-eve-gilles-miss-france-2024-victime-dune-grosse-crise-liee-a-sa-maladie-en-plein-gala-1713736\" target=\"_blank\" rel=\"noopener\"><br \/>\ndes vertes et des pas m\u00fbres<\/a> apr\u00e8s <strong>Miss France<br \/>\n2024<\/strong>.<\/p>\n<p>\u00c8ve Gilles et la question de la<br \/>\nchirurgie esth\u00e9tique !<\/p>\n<p>Dans son \u00e9lan, <strong>\u00c8ve Gilles<\/strong> s\u2019est \u00e9galement<br \/>\nexprim\u00e9e sur <a href=\"https:\/\/www.telestar.fr\/people\/eve-gilles-son-avis-tres-tranche-sur-la-chirurgie-esthetique-dans-les-concours-de-miss-1742972\" target=\"_blank\" rel=\"noopener\"><br \/>\nla chirurgie esth\u00e9tique<\/a> \u00e0 <strong>Miss<br \/>\nUnivers<\/strong>. Elle souligne que pour elle,<br \/>\n\u00ab\u00a0<strong>une chirurgie<\/strong> n\u2019est pas<br \/>\npr\u00e9vue\u00a0\u00bb. \u00ab\u00a0Je pense qu\u2019on peut jouer avec les codes de Miss<br \/>\nUnivers sans pour autant changer son naturel\u00a0\u00bb, a-t-elle<br \/>\nd\u00e9clar\u00e9.<\/p>\n<blockquote class=\"twitter-tweet\"><p><a class=\"twitter-link\" rel=\"noindex, nofollow noopener\" href=\"https:\/\/twitter.com\/miss_coronas\/status\/1978800637929480490\" target=\"_blank\"><\/p><\/blockquote>\n<p>\u00ab\u00a0Pour moi, on peut briller et en faire de trop, sans pour<br \/>\nautant avoir besoin de faire de la chirurgie\u00a0\u00bb, a soulign\u00e9 Miss<br \/>\nFrance 2024 \u00e0 nos confr\u00e8res en affirmant qu\u2019elle se sentait bien<br \/>\ndans sa peau dans \u00ab\u00a0sa version actuelle\u00a0\u00bb. \u00ab\u00a0C\u2019est pour<br \/>\n\u00e7a que j\u2019ai <strong>envie de rester comme<br \/>\n\u00e7a<\/strong>\u00ab\u00a0, confie-t-elle.<\/p>\n<p><script async src=\"https:\/\/platform.twitter.com\/widgets.js\" charset=\"utf-8\"><\/script><script async src=\"\/\/www.instagram.com\/embed.js\"><\/script><\/p>\n","protected":false},"excerpt":{"rendered":"EN BREF \u00c8ve Gilles repr\u00e9sentera la France au concours Miss Univers le 21 novembre \u00e0 Bangkok, Tha\u00eflande. Elle&hellip;\n","protected":false},"author":2,"featured_media":490481,"comment_status":"","ping_status":"","sticky":false,"template":"","format":"standard","meta":{"footnotes":""},"categories":[1359],"tags":[548,58,59,1011,27,3034,973],"class_list":{"0":"post-490480","1":"post","2":"type-post","3":"status-publish","4":"format-standard","5":"has-post-thumbnail","7":"category-people","8":"tag-article-simple","9":"tag-divertissement","10":"tag-entertainment","11":"tag-fr","12":"tag-france","13":"tag-miss-france","14":"tag-people"},"share_on_mastodon":{"url":"https:\/\/pubeurope.com\/@fr\/115438717737158166","error":""},"_links":{"self":[{"href":"https:\/\/www.europesays.com\/fr\/wp-json\/wp\/v2\/posts\/490480","targetHints":{"allow":["GET"]}}],"collection":[{"href":"https:\/\/www.europesays.com\/fr\/wp-json\/wp\/v2\/posts"}],"about":[{"href":"https:\/\/www.europesays.com\/fr\/wp-json\/wp\/v2\/types\/post"}],"author":[{"embeddable":true,"href":"https:\/\/www.europesays.com\/fr\/wp-json\/wp\/v2\/users\/2"}],"replies":[{"embeddable":true,"href":"https:\/\/www.europesays.com\/fr\/wp-json\/wp\/v2\/comments?post=490480"}],"version-history":[{"count":0,"href":"https:\/\/www.europesays.com\/fr\/wp-json\/wp\/v2\/posts\/490480\/revisions"}],"wp:featuredmedia":[{"embeddable":true,"href":"https:\/\/www.europesays.com\/fr\/wp-json\/wp\/v2\/media\/490481"}],"wp:attachment":[{"href":"https:\/\/www.europesays.com\/fr\/wp-json\/wp\/v2\/media?parent=490480"}],"wp:term":[{"taxonomy":"category","embeddable":true,"href":"https:\/\/www.europesays.com\/fr\/wp-json\/wp\/v2\/categories?post=490480"},{"taxonomy":"post_tag","embeddable":true,"href":"https:\/\/www.europesays.com\/fr\/wp-json\/wp\/v2\/tags?post=490480"}],"curies":[{"name":"wp","href":"https:\/\/api.w.org\/{rel}","templated":true}]}}