{"id":490506,"date":"2025-10-26T05:19:12","date_gmt":"2025-10-26T05:19:12","guid":{"rendered":"https:\/\/www.europesays.com\/fr\/490506\/"},"modified":"2025-10-26T05:19:12","modified_gmt":"2025-10-26T05:19:12","slug":"ils-veulent-fonder-la-premiere-cooperative-funeraire-stephanoise","status":"publish","type":"post","link":"https:\/\/www.europesays.com\/fr\/490506\/","title":{"rendered":"ils veulent fonder la premi\u00e8re coop\u00e9rative fun\u00e9raire st\u00e9phanoise"},"content":{"rendered":"<p>Les caf\u00e9s mortels. C\u2019est au d\u00e9tour d\u2019une \u00e9mission de radio que Jean-Marie Lestrait apprend leur existence. L\u2019homme tient un commerce qui bat de l\u2019aile \u00e0 Saint-\u00c9tienne et cherche sa reconversion. Ces temps d\u2019\u00e9changes o\u00f9 l\u2019on parle de la mort autour d\u2019un caf\u00e9 allument une petite lumi\u00e8re en lui. \u00ab\u00a0Et si c\u2019\u00e9tait \u00e7a\u00a0?\u00a0\u00bb<\/p>\n<p>Trois ans plus tard, en 2021, le commer\u00e7ant obtient son dipl\u00f4me de conseiller fun\u00e9raire. Et, en octobre\u00a02023, le Remue-M\u00e9ninges accueille le premier caf\u00e9 mortel st\u00e9phanois.<\/p>\n<p>Parler de la mort sans tabou<\/p>\n<p>\u00ab\u00a0On y parle de fa\u00e7on l\u00e9g\u00e8re de la mort, sans tabou. Ce n\u2019est pas th\u00e9rapeutique, mais \u00e7a fait du bien\u00a0\u00bb, note celui qui copr\u00e9side l\u2019association En Terre vert avec Pauline Rousset. Un go\u00fbter mortel est aussi propos\u00e9 aux enfants. \u00ab\u00a0On fabrique un cerf-volant, on p\u00e2tisse et on parle de la mort\u00a0\u00bb, poursuit Jean-Marie Lestrait.<\/p>\n<p>Le rendez-vous, le troisi\u00e8me jeudi de chaque mois, trouve rapidement son public et rassemble jusqu\u2019\u00e0 25 personnes, avec de nouvelles t\u00eates \u00e0 chaque fois. \u00ab\u00a0Il y&#8230;<\/p>\n","protected":false},"excerpt":{"rendered":"Les caf\u00e9s mortels. C\u2019est au d\u00e9tour d\u2019une \u00e9mission de radio que Jean-Marie Lestrait apprend leur existence. L\u2019homme tient&hellip;\n","protected":false},"author":2,"featured_media":490507,"comment_status":"","ping_status":"","sticky":false,"template":"","format":"standard","meta":{"footnotes":""},"categories":[9653],"tags":[1111,11,2430,4406,33,7539,1777,674,1011,27,3367,12,25,4001,7538,104,1631],"class_list":{"0":"post-490506","1":"post","2":"type-post","3":"status-publish","4":"format-standard","5":"has-post-thumbnail","7":"category-saint-etienne","8":"tag-actu","9":"tag-actualites","10":"tag-auvergne-rhone-alpes","11":"tag-commerce-et-services","12":"tag-economie","13":"tag-edition-loire-sud","14":"tag-eu","15":"tag-europe","16":"tag-fr","17":"tag-france","18":"tag-loire","19":"tag-news","20":"tag-republique-francaise","21":"tag-saint-etienne","22":"tag-saint-etienne-ville","23":"tag-societe","24":"tag-vie-associative"},"share_on_mastodon":{"url":"https:\/\/pubeurope.com\/@fr\/115438784541127980","error":""},"_links":{"self":[{"href":"https:\/\/www.europesays.com\/fr\/wp-json\/wp\/v2\/posts\/490506","targetHints":{"allow":["GET"]}}],"collection":[{"href":"https:\/\/www.europesays.com\/fr\/wp-json\/wp\/v2\/posts"}],"about":[{"href":"https:\/\/www.europesays.com\/fr\/wp-json\/wp\/v2\/types\/post"}],"author":[{"embeddable":true,"href":"https:\/\/www.europesays.com\/fr\/wp-json\/wp\/v2\/users\/2"}],"replies":[{"embeddable":true,"href":"https:\/\/www.europesays.com\/fr\/wp-json\/wp\/v2\/comments?post=490506"}],"version-history":[{"count":0,"href":"https:\/\/www.europesays.com\/fr\/wp-json\/wp\/v2\/posts\/490506\/revisions"}],"wp:featuredmedia":[{"embeddable":true,"href":"https:\/\/www.europesays.com\/fr\/wp-json\/wp\/v2\/media\/490507"}],"wp:attachment":[{"href":"https:\/\/www.europesays.com\/fr\/wp-json\/wp\/v2\/media?parent=490506"}],"wp:term":[{"taxonomy":"category","embeddable":true,"href":"https:\/\/www.europesays.com\/fr\/wp-json\/wp\/v2\/categories?post=490506"},{"taxonomy":"post_tag","embeddable":true,"href":"https:\/\/www.europesays.com\/fr\/wp-json\/wp\/v2\/tags?post=490506"}],"curies":[{"name":"wp","href":"https:\/\/api.w.org\/{rel}","templated":true}]}}