{"id":490517,"date":"2025-10-26T05:29:14","date_gmt":"2025-10-26T05:29:14","guid":{"rendered":"https:\/\/www.europesays.com\/fr\/490517\/"},"modified":"2025-10-26T05:29:14","modified_gmt":"2025-10-26T05:29:14","slug":"grenoble-encore-rayee-de-la-carte-du-tour-de-france","status":"publish","type":"post","link":"https:\/\/www.europesays.com\/fr\/490517\/","title":{"rendered":"GRENOBLE (ENCORE) RAY\u00c9E DE LA CARTE DU TOUR DE FRANCE"},"content":{"rendered":"<p>Posted On 26 octobre 2025 <\/p>\n<p style=\"text-align: justify;\">L&rsquo;annonce du parcours du Tour de France de juillet 2026 a fait grand bruit localement en ce qu&rsquo;il fait largement la part belle \u00e0 l&rsquo;Is\u00e8re. Mais rien de pr\u00e9vu \u00e0 Grenoble, t\u00e9moignant encore de l&rsquo;effacement de la carte de France d&rsquo;une \u00ab\u00a0capitale des Alpes\u00a0\u00bb qui n&rsquo;est plus que l&rsquo;ombre d&rsquo;elle-m\u00eame.<\/p>\n<p>LE TOUR EN IS\u00c8RE DU 22 AU 25 JUILLET<\/p>\n<p style=\"text-align: justify;\">DU 22 au 25 juillet, l&rsquo;\u00e9v\u00e9nement plan\u00e9taire prendra donc ses quartiers dans le d\u00e9partement o\u00f9 il partira de Voiron puis du Bourg d&rsquo;Oisans pour un double final avec la mythique ascension de l&rsquo;Alpe d&rsquo;Huez. Pour Julien Polat, Maire de Voiron qui n&rsquo;avait plus accueilli le tour depuis 49 ans, \u00ab\u00a0on a le sentiment d\u2019\u00e9crire un petit morceau d\u2019histoire\u00a0\u00bb <a target=\"_blank\" href=\"https:\/\/www.placegrenet.fr\/2025\/10\/24\/tour-de-france-2026-voiron-le-bourg-doisans-et-lalpe-dhuez-propulsent-lisere-au-coeur-de-la-grande-boucle\/663013\" rel=\"noopener\">relate Place Gre&rsquo;net<\/a>. Morceau d&rsquo;histoire dont la grande absente sera la ville de Grenoble.<\/p>\n<p><a href=\"https:\/\/grenoble-le-changement.fr\/wp-content\/uploads\/2025\/10\/tour-de-france-isere.png\" rel=\"lightbox[85701] noopener\" target=\"_blank\"><img loading=\"lazy\" decoding=\"async\" class=\" wp-image-85710 jetpack-lazy-image\" src=\"https:\/\/grenoble-le-changement.fr\/wp-content\/uploads\/2025\/10\/tour-de-france-isere-300x167.png\" alt=\"\" width=\"589\" height=\"328\" data-lazy-src=\"https:\/\/www.europesays.com\/fr\/wp-content\/uploads\/2025\/10\/tour-de-france-isere-300x167.png\" \/><\/a>Le parcours du tour 2026<br \/>\nLE V\u00c9LO \u00ab\u00a0ADN\u00a0\u00bb DU D\u00c9PARTEMENT&#8230; SANS GRENOBLE<\/p>\n<p style=\"text-align: justify;\">Jean-Pierre Barbier, Pr\u00e9sident du d\u00e9partement, n&rsquo;a \u00e9videmment pas manqu\u00e9 de se f\u00e9liciter de ce coup exceptionnel, rappelant que c&rsquo;est le fruit d&rsquo;un long travail : \u00ab\u00a0depuis dix ans, on cultive le v\u00e9lo ; c\u2019est devenu notre ADN\u00a0\u00bb (<a target=\"_blank\" href=\"https:\/\/www.placegrenet.fr\/2025\/10\/24\/tour-de-france-2026-voiron-le-bourg-doisans-et-lalpe-dhuez-propulsent-lisere-au-coeur-de-la-grande-boucle\/663013\" rel=\"noopener\">Place Gre&rsquo;net<\/a>). On en connait un, qui pensait avoir fait du sujet cyclable son ADN \u00e0 lui, qui doit \u00eatre vert en l&rsquo;entendant. Un qui est Maire de la Pr\u00e9fecture mais n&rsquo;\u00e9tait pas pr\u00e9sent aux r\u00e9jouissances jeudi autour du Pr\u00e9sident Barbier, de la Pr\u00e9f\u00e8te et des Maires des communes \u00e9tapes.\u00a0<\/p>\n<p>EN 2014, PIOLLE D\u00c9CLARE NE PLUS VOULOIR LE TOUR<\/p>\n<p style=\"text-align: justify;\">Le tour et Grenoble sous Piolle, c&rsquo;est l&rsquo;histoire d&rsquo;un g\u00e2chis volontaire. En 2014, le nouvellement \u00e9lu Maire avait accueilli l&rsquo;\u00e9tape obtenue par son pr\u00e9d\u00e9cesseur Michel Destot avant de d\u00e9clarer que la ville ne payerait plus pour le tour \u00e0 l&rsquo;avenir, dans la droite lign\u00e9e de sa ligne \u00ab\u00a0anti-attractivit\u00e9\u00a0\u00bb. Se privant volontairement d&rsquo;un coup de projecteur mondial qui g\u00e9n\u00e8re de grosses retomb\u00e9es et est surtout un boost d&rsquo;image.\u00a0<\/p>\n<p><a href=\"https:\/\/grenoble-le-changement.fr\/wp-content\/uploads\/2019\/10\/Capture-d\u2019e\u0301cran-2019-10-16-a\u0300-09.36.18.png\" rel=\"lightbox[85701] noopener\" target=\"_blank\"><img loading=\"lazy\" decoding=\"async\" class=\" wp-image-37334 jetpack-lazy-image\" src=\"https:\/\/grenoble-le-changement.fr\/wp-content\/uploads\/2019\/10\/Capture-d\u2019e\u0301cran-2019-10-16-a\u0300-09.36.18-300x51.png\" alt=\"\" width=\"671\" height=\"114\" data-lazy-src=\"https:\/\/www.europesays.com\/fr\/wp-content\/uploads\/2025\/10\/Capture-d\u2019e\u0301cran-2019-10-16-a\u0300-09.36.18-300x51.png\" \/><\/a>Le titre du Dauphin\u00e9 en 2014 \u00e0 l&rsquo;arriv\u00e9e de Piolle&#8230;<br \/>\nEN 2020, LE RETOUR DU TOUR&#8230; MAIS PIOLLE G\u00c2CHE LA F\u00caTE<\/p>\n<p style=\"text-align: justify;\">Puis <a href=\"https:\/\/grenoble-le-changement.fr\/2019\/10\/17\/tour-de-france-le-temps-du-tartuffe\/\" target=\"_blank\" rel=\"noopener\">\u00e0 l&rsquo;approche des municipales 2020, les postures avaient vite \u00e9t\u00e9 oubli\u00e9es<\/a> et Piolle avait de nouveau annonc\u00e9 le retour du tour \u00e0 Grenoble. Un coup de comm&rsquo; juste avant les \u00e9lections bien s\u00fbr. Une fois le scrutin pass\u00e9, il n&rsquo;avait alors pas pu s&#8217;emp\u00eacher d&rsquo;\u00e0 nouveau critiquer le tour et de faire la le\u00e7on sur \u00ab\u00a0la place des femmes, la gestion des d\u00e9chets et la question de la pollution\u00a0\u00bb. Mani\u00e8re de donner des gages \u00e0 son \u00e9lectorat cible apr\u00e8s avoir fait des pieds et des mains pour son retour en ann\u00e9e \u00e9lectorale.<\/p>\n<p>LE CR\u00c9NEAU DES VERTS : \u00ab\u00a0CASSER CE QUI RASSEMBLE\u00a0\u00bb<\/p>\n<p style=\"text-align: justify;\">En retour, le Maire Vert s&rsquo;\u00e9tait fait vertement cueillir par Jean-Pierre Barbier mais surtout par le directeur du Tour Christian Prudhomme : \u00ab\u00a0on doit tous s\u2019am\u00e9liorer, nous, la Ville de Grenoble [\u2026] Seule la discussion, sans parler dans les m\u00e9dias, fait progresser. Ne cassez pas ce qui rassemble. Taper sur ce qui nous lie n\u2019est pas une erreur, c\u2019est une faute\u00a0\u00bb (<a target=\"_blank\" href=\"https:\/\/c.ledauphine.com\/tour-de-france\/2020\/09\/17\/isere-grenoble-tacles-a-volonte-au-depart-du-tour-de-france\" rel=\"noopener\">le Dauphin\u00e9 Lib\u00e9r\u00e9<\/a>). La s\u00e9quence navrante initi\u00e9e par Piolle signe encore \u00e0 ce jour la fin du tour \u00e0 Grenoble.<\/p>\n<p>L&rsquo;AN DERNIER, UN M\u00c9DIA BELGE D\u00c9VALIS\u00c9<\/p>\n<p style=\"text-align: justify;\">L&rsquo;an dernier, la m\u00e9tropole a tout de m\u00eame eu droit \u00e0 une \u00e9tape avec <a target=\"_blank\" href=\"https:\/\/www.grenoble-tourisme.com\/fr\/decouvrir\/evenements\/tour-de-france-grenoble-alpes-metropole\/\" rel=\"noopener\">un d\u00e9part depuis Vif.<\/a> Ce qui avait permis \u00e0 Grenoble de \u00ab\u00a0briller\u00a0\u00bb \u00e0 l&rsquo;international : <a target=\"_blank\" href=\"https:\/\/www.lefigaro.fr\/sports\/cyclisme\/tour-de-france\/tour-de-france-un-media-belge-victime-de-cambriolages-a-grenoble-20250724\" rel=\"noopener\">un m\u00e9dia belge qui devait couvrir le tour<\/a> cambriol\u00e9 \u00e0 son h\u00f4tel avait vu sa moto et son mat\u00e9riel cam\u00e9ra d\u00e9valis\u00e9s, et son v\u00e9hicule vandalis\u00e9. \u00ab\u00a0Ils ont tout pris: cam\u00e9ras, \u00e9crans, mat\u00e9riel de sonorisation. Ils n\u2019ont laiss\u00e9 que mon s\u00e8che-cheveux\u00a0\u00bb expliquait d\u00e9pit\u00e9 le m\u00e9dia. Les journalistes \u00e9trangers confront\u00e9s \u00e0 la traditionnelle d\u00e9linquance grenobloise.<\/p>\n<p><a href=\"https:\/\/grenoble-le-changement.fr\/wp-content\/uploads\/2025\/10\/sporza.png\" rel=\"lightbox[85701] noopener\" target=\"_blank\"><img loading=\"lazy\" decoding=\"async\" class=\" wp-image-85708 jetpack-lazy-image\" src=\"https:\/\/grenoble-le-changement.fr\/wp-content\/uploads\/2025\/10\/sporza-297x300.png\" alt=\"\" width=\"571\" height=\"577\" data-lazy-src=\"https:\/\/www.europesays.com\/fr\/wp-content\/uploads\/2025\/10\/sporza-297x300.png\" \/><\/a>Les m\u00e9dias internationaux d\u00e9couvrent les petites joies de Grenoble<br \/>\nL&rsquo;INS\u00c9CURIT\u00c9 PARASITE L&rsquo;IMAGE DE GRENOBLE&#8230;<\/p>\n<p style=\"text-align: justify;\">On a l\u00e0 l&rsquo;illustration d&rsquo;un double probl\u00e8me qui mine Grenoble. D&rsquo;abord celui d&rsquo;une ville o\u00f9 l&rsquo;ins\u00e9curit\u00e9 end\u00e9mique (attest\u00e9e, au-del\u00e0 des faits divers, par toutes les statistiques) emporte tout sur son passage, <a href=\"https:\/\/grenoble-le-changement.fr\/2025\/10\/23\/letudiant-lynche-un-nouveau-symbole-de-linsecurite-endemique\/\" target=\"_blank\" rel=\"noopener\">jusqu&rsquo;\u00e0 gangr\u00e9ner compl\u00e8tement l&rsquo;image de la ville<\/a> au niveau national et international alors que nous devrions plut\u00f4t parler de Grenoble comme d&rsquo;une capitale de l&rsquo;innovation, pour son \u00e9cosyst\u00e8me technologique, universitaire, industriel&#8230;<\/p>\n<p>&#8230; COMME EN T\u00c9MOIGNE NATHALIE B\u00c9RANGER, PR\u00c9SIDENTE D&rsquo;ALPEXPO<\/p>\n<p style=\"text-align: justify;\">En d\u00e9but d&rsquo;ann\u00e9e, Nathalie B\u00e9ranger, conseill\u00e8re r\u00e9gionale et pr\u00e9sidente d&rsquo;ALPEXPO <a href=\"https:\/\/grenoble-le-changement.fr\/2025\/02\/11\/alpexpo-la-reussite-de-n-beranger-penalisee-par-la-delinquance%ef%bf%bc\/\" target=\"_blank\" rel=\"noopener\">t\u00e9moignait de la mani\u00e8re dont cette ins\u00e9curit\u00e9 est nuisible<\/a> pour l&rsquo;activit\u00e9 du parc \u00e9v\u00e9nementiel, et donc pour l&rsquo;image de la ville : \u00ab\u00a0on a r\u00e9ussi \u00e0 refaire vivre Alpexpo, en attirant de nouveaux \u00e9v\u00e9nements. Les gens reviennent \u00e0 Grenoble pour exposer. Les rendez-vous qui se succ\u00e8dent aujourd\u2019hui sur le site font vivre les entreprises, les h\u00f4teliers, les restaurateurs, les commerces, les transports et participent \u00e0 la cr\u00e9ation d\u2019emplois. Pourtant, tous nos efforts sont annihil\u00e9s par les exactions de certains. Des bandes tr\u00e8s organis\u00e9es arrivent sur le parking ext\u00e9rieur pour piller et vandaliser les voitures. Les exposants et les visiteurs s\u2019en plaignent. Comment donner envie \u00e0 notre client\u00e8le de revenir \u00e0 Grenoble lorsqu\u2019ils r\u00e9cup\u00e8rent leurs v\u00e9hicules fractur\u00e9s avec des vitres bris\u00e9es et pill\u00e9s ?\u00a0\u00bb.<\/p>\n<p>LES POSTURES DES VERTS\/LFI ACH\u00c8VENT DE NOUS ISOLER<\/p>\n<p style=\"text-align: justify;\">Parce qu&rsquo;ils refusent de s&rsquo;attaquer \u00e0 ce sujet de l&rsquo;ins\u00e9curit\u00e9 qui nuit \u00e0 notre attractivit\u00e9 par dogme, parce que pour les m\u00eames raisons ils se sont lanc\u00e9s dans <a href=\"https:\/\/grenoble-le-changement.fr\/2025\/10\/25\/stationnement-vers-la-suppression-de-2000-places-a-grenoble\/\" target=\"_blank\" rel=\"noopener\">une politique de fermeture de la ville au sens propre (accessibilit\u00e9, stationnement)<\/a> comme au figur\u00e9 (isolement vis-\u00e0-vis des partenaires que sont la m\u00e9tropole, le d\u00e9partement, la r\u00e9gion, l&rsquo;\u00e9tat, refus d&rsquo;\u00e9v\u00e9nements vitrines qui revaloriseraient notre image comme le Tour), Grenoble se replie de plus en plus sur elle-m\u00eame.<\/p>\n<p>L&rsquo;EXTINCTION DE GRENOBLE N&rsquo;EST PAS IRR\u00c9VERSIBLE<\/p>\n<p style=\"text-align: justify;\">Les postures des Verts\/LFI, guid\u00e9s par une id\u00e9ologie qui n&rsquo;a fait que diviser la ville en creusant les fractures, ont conduit \u00e0 son isolement. Pendant que les villes d&rsquo;accueil et d&rsquo;arriv\u00e9e du tour d&rsquo;un cru qui s&rsquo;annonce exceptionnel pour le d\u00e9partement f\u00eatent cet \u00e9v\u00e9nement, Grenoble est officiellement ray\u00e9e de la carte.<\/p>\n<p style=\"text-align: justify;\">12 ans d&rsquo;extinction \u00e0 petit feu qui peuvent heureusement s&rsquo;interrompre en mars prochain pour enclencher une nouvelle dynamique&#8230; sous peine de quoi notre disparition des radars s&rsquo;acc\u00e9l\u00e8rera, alors qu&rsquo;il existe tant d&rsquo;occasions \u00e0 saisir pour que la \u00ab\u00a0capitale des Alpes\u00a0\u00bb le redevienne. \u00c0 commencer par les jeux olympiques d&rsquo;hiver de 2030..<\/p>\n","protected":false},"excerpt":{"rendered":"Posted On 26 octobre 2025 L&rsquo;annonce du parcours du Tour de France de juillet 2026 a fait grand&hellip;\n","protected":false},"author":2,"featured_media":490518,"comment_status":"","ping_status":"","sticky":false,"template":"","format":"standard","meta":{"footnotes":""},"categories":[9566],"tags":[1111,11,2430,9607,1777,674,1011,27,2731,61313,61314,23075,18840,12,25],"class_list":{"0":"post-490517","1":"post","2":"type-post","3":"status-publish","4":"format-standard","5":"has-post-thumbnail","7":"category-grenoble","8":"tag-actu","9":"tag-actualites","10":"tag-auvergne-rhone-alpes","11":"tag-eric-piolle","12":"tag-eu","13":"tag-europe","14":"tag-fr","15":"tag-france","16":"tag-grenoble","17":"tag-jean-pierre-barbier","18":"tag-julien-polat","19":"tag-michel-destot","20":"tag-nathalie-beranger","21":"tag-news","22":"tag-republique-francaise"},"share_on_mastodon":{"url":"https:\/\/pubeurope.com\/@fr\/115438824534467362","error":""},"_links":{"self":[{"href":"https:\/\/www.europesays.com\/fr\/wp-json\/wp\/v2\/posts\/490517","targetHints":{"allow":["GET"]}}],"collection":[{"href":"https:\/\/www.europesays.com\/fr\/wp-json\/wp\/v2\/posts"}],"about":[{"href":"https:\/\/www.europesays.com\/fr\/wp-json\/wp\/v2\/types\/post"}],"author":[{"embeddable":true,"href":"https:\/\/www.europesays.com\/fr\/wp-json\/wp\/v2\/users\/2"}],"replies":[{"embeddable":true,"href":"https:\/\/www.europesays.com\/fr\/wp-json\/wp\/v2\/comments?post=490517"}],"version-history":[{"count":0,"href":"https:\/\/www.europesays.com\/fr\/wp-json\/wp\/v2\/posts\/490517\/revisions"}],"wp:featuredmedia":[{"embeddable":true,"href":"https:\/\/www.europesays.com\/fr\/wp-json\/wp\/v2\/media\/490518"}],"wp:attachment":[{"href":"https:\/\/www.europesays.com\/fr\/wp-json\/wp\/v2\/media?parent=490517"}],"wp:term":[{"taxonomy":"category","embeddable":true,"href":"https:\/\/www.europesays.com\/fr\/wp-json\/wp\/v2\/categories?post=490517"},{"taxonomy":"post_tag","embeddable":true,"href":"https:\/\/www.europesays.com\/fr\/wp-json\/wp\/v2\/tags?post=490517"}],"curies":[{"name":"wp","href":"https:\/\/api.w.org\/{rel}","templated":true}]}}