{"id":490522,"date":"2025-10-26T05:32:14","date_gmt":"2025-10-26T05:32:14","guid":{"rendered":"https:\/\/www.europesays.com\/fr\/490522\/"},"modified":"2025-10-26T05:32:14","modified_gmt":"2025-10-26T05:32:14","slug":"le-commentaire-hoeffel-en-trois-points","status":"publish","type":"post","link":"https:\/\/www.europesays.com\/fr\/490522\/","title":{"rendered":"Le commentaire. Hoeffel, en trois points"},"content":{"rendered":"<p>Si les \u00e9pitaphes \u00e9taient encore \u00e0 la mode, on pourrait graver celle-ci sur la tombe de l\u2019ancien ministre Daniel Hoeffel, d\u00e9c\u00e9d\u00e9 le 14\u00a0octobre\u00a0: \u00ab\u00a0Il fit honneur \u00e0 la politique et \u00e0 la d\u00e9mocratie repr\u00e9sentative\u00a0\u00bb.<\/p>\n<p>Adepte d\u2019une forme rare d\u2019optimisme philosophique, il postulait que morale et politique n\u2019\u00e9taient pas incompatibles, ce qui \u00e9tait d\u00e9j\u00e0 en soi tout un programme. Nourri de culture protestante, il en tira une m\u00e9thode et trois r\u00e8gles.<\/p>\n<p>Premi\u00e8re r\u00e8gle\u00a0: avoir le souci du bien public, sans favoritisme. En tant que ministre, il traitait les dossiers \u00e0 l\u2019\u00e9chelle du pays. Cela lui fut parfois reproch\u00e9 \u00e0&#8230;<\/p>\n","protected":false},"excerpt":{"rendered":"Si les \u00e9pitaphes \u00e9taient encore \u00e0 la mode, on pourrait graver celle-ci sur la tombe de l\u2019ancien ministre&hellip;\n","protected":false},"author":2,"featured_media":490523,"comment_status":"","ping_status":"","sticky":false,"template":"","format":"standard","meta":{"footnotes":""},"categories":[2820],"tags":[1111,11,2389,2649,2880,1777,674,107,1011,27,775,12,316,25,104,640,2879],"class_list":{"0":"post-490522","1":"post","2":"type-post","3":"status-publish","4":"format-standard","5":"has-post-thumbnail","7":"category-strasbourg","8":"tag-actu","9":"tag-actualites","10":"tag-alsace","11":"tag-bas-rhin","12":"tag-edition-strasbourg","13":"tag-eu","14":"tag-europe","15":"tag-fil-info","16":"tag-fr","17":"tag-france","18":"tag-grand-est","19":"tag-news","20":"tag-politique","21":"tag-republique-francaise","22":"tag-societe","23":"tag-strasbourg","24":"tag-strasbourg-ville"},"share_on_mastodon":{"url":"https:\/\/pubeurope.com\/@fr\/115438835749839386","error":""},"_links":{"self":[{"href":"https:\/\/www.europesays.com\/fr\/wp-json\/wp\/v2\/posts\/490522","targetHints":{"allow":["GET"]}}],"collection":[{"href":"https:\/\/www.europesays.com\/fr\/wp-json\/wp\/v2\/posts"}],"about":[{"href":"https:\/\/www.europesays.com\/fr\/wp-json\/wp\/v2\/types\/post"}],"author":[{"embeddable":true,"href":"https:\/\/www.europesays.com\/fr\/wp-json\/wp\/v2\/users\/2"}],"replies":[{"embeddable":true,"href":"https:\/\/www.europesays.com\/fr\/wp-json\/wp\/v2\/comments?post=490522"}],"version-history":[{"count":0,"href":"https:\/\/www.europesays.com\/fr\/wp-json\/wp\/v2\/posts\/490522\/revisions"}],"wp:featuredmedia":[{"embeddable":true,"href":"https:\/\/www.europesays.com\/fr\/wp-json\/wp\/v2\/media\/490523"}],"wp:attachment":[{"href":"https:\/\/www.europesays.com\/fr\/wp-json\/wp\/v2\/media?parent=490522"}],"wp:term":[{"taxonomy":"category","embeddable":true,"href":"https:\/\/www.europesays.com\/fr\/wp-json\/wp\/v2\/categories?post=490522"},{"taxonomy":"post_tag","embeddable":true,"href":"https:\/\/www.europesays.com\/fr\/wp-json\/wp\/v2\/tags?post=490522"}],"curies":[{"name":"wp","href":"https:\/\/api.w.org\/{rel}","templated":true}]}}