{"id":490524,"date":"2025-10-26T05:33:14","date_gmt":"2025-10-26T05:33:14","guid":{"rendered":"https:\/\/www.europesays.com\/fr\/490524\/"},"modified":"2025-10-26T05:33:14","modified_gmt":"2025-10-26T05:33:14","slug":"strasbourg-sur-quelle-chaine-et-a-quelle-heure-voir-le-match-de-ligue-1-en-direct","status":"publish","type":"post","link":"https:\/\/www.europesays.com\/fr\/490524\/","title":{"rendered":"Strasbourg : Sur quelle cha\u00eene et \u00e0 quelle heure voir le match de Ligue 1 en direct ?"},"content":{"rendered":"<p>\n    Choc de haut de tableau entre le 5e et le 3e de Ligue 1. Lyon &#8211; Strasbourg, comment regarder le match de dimanche soir en direct\u00a0?<\/p>\n<p class=\"fig-paragraph\">Lyon doit rebondir. Lors des 2 derni\u00e8res journ\u00e9es, les Gones ont d\u00e9\u00e7u. D\u2019abord au Parc OL, face \u00e0 Toulouse. Alors qu\u2019ils menaient au score, les Lyonnais se sont laiss\u00e9s endormir avant d\u2019encaisser 2 buts en fin de match, s\u2019inclinant finalement 1-2. Puis \u00e0 Nice, perdant 2-3 au terme d\u2019un match spectaculaire en ayant rat\u00e9 un penalty. Un 3e revers de rang placerait l\u2019\u00e9quipe de Paulo Fonseca dans une mini-crise. D\u2019autant plus que l\u2019adversaire du jour, Strasbourg, est un rival direct dans la course \u00e0 la Ligue des Champions. Car oui, le Racing a chang\u00e9 de statut. Les Alsaciens l\u2019ont prouv\u00e9 en accrochant le PSG 3-3, et n\u2019ont perdu qu\u2019une fois sur leurs 6 derniers matchs de Ligue 1. L\u2019an pass\u00e9, l\u2019OL s\u2019\u00e9tait impos\u00e9 4-3 contre Strasbourg ici au Parc OL.<\/p>\n<p class=\"fig-paragraph\"><a href=\"https:\/\/www.anrdoezrs.net\/click-101456179-17138520\" target=\"_blank\" rel=\"sponsored noopener\" data-gtm-custom-categorie=\"navigation\" data-gtm-custom-action=\"crossclick\" data-gtm-custom-label=\"Contextuel\" data-gtm-event=\"customEventSPE\"><strong>Voir le match Lyon &#8211; Strasbourg en direct ici<\/strong><\/a><\/p>\n<p>                                    <a class=\"fig-a11y-skip a11y-hidden\" href=\"#fig-a11y-skip-main-inarticle\"><br \/>\n        Passer la publicit\u00e9<br \/>\n    <\/a><\/p>\n<p><strong>\u00c0 quelle heure et sur quelle cha\u00eene regarder en direct le match Lyon contre Strasbourg\u00a0?<\/strong><\/p>\n<p class=\"fig-paragraph\">Lyon &#8211; Strasbourg d\u00e9bute le dimanche 26 octobre. Le coup d\u2019envoi est pr\u00e9vu pour 20h45. La rencontre a lieu au Parc OL. Pour regarder le match en direct, cela se passe sur Ligue 1+. Lanc\u00e9e \u00e0 l\u2019occasion du d\u00e9but de saison 2025\/2026, la nouvelle plateforme de la LFP est le diffuseur officiel du championnat de France pour l\u2019int\u00e9gralit\u00e9 de la saison. Au-del\u00e0 de la L1, Ligue 1+ d\u00e9tient \u00e9galement les droits de diffusion du Troph\u00e9e des Champions et des barrages. La cha\u00eene propose un ton \u00e9ditorial immersif et innovant avec de nombreux avant-matchs, des acc\u00e8s in\u00e9dits aux coulisses gr\u00e2ce \u00e0 des cam\u00e9ras dans les vestiaires, la sonorisation des \u00e9chauffements ou encore les interviews des joueurs remplac\u00e9s. Il est n\u00e9cessaire d\u2019avoir un abonnement payant pour suivre les matchs en direct.<\/p>\n<p class=\"fig-paragraph\"><a href=\"https:\/\/www.anrdoezrs.net\/click-101456179-17138520\" target=\"_blank\" rel=\"sponsored noopener\" data-gtm-custom-categorie=\"navigation\" data-gtm-custom-action=\"crossclick\" data-gtm-custom-label=\"Contextuel\" data-gtm-event=\"customEventSPE\"><strong>Cliquez ici pour d\u00e9couvrir les offres Ligue 1+<\/strong><\/a><\/p>\n<p class=\"fig-paragraph\">Contenu con\u00e7u et propos\u00e9 par nos Experts Shopping Sport. L\u2019\u00e9quipe Shopping du Figaro est ind\u00e9pendante de la r\u00e9daction.\u00a0<\/p>\n<p>Les prix mentionn\u00e9s dans cet article le sont \u00e0 titre indicatif. Lorsque vous achetez via nos liens de vente, nous pouvons percevoir une commission d\u2019affiliation.<\/p>\n","protected":false},"excerpt":{"rendered":"Choc de haut de tableau entre le 5e et le 3e de Ligue 1. Lyon &#8211; Strasbourg, comment&hellip;\n","protected":false},"author":2,"featured_media":490525,"comment_status":"","ping_status":"","sticky":false,"template":"","format":"standard","meta":{"footnotes":""},"categories":[2820],"tags":[1111,11,1777,674,1011,27,775,66,12,978,4448,25,640],"class_list":{"0":"post-490524","1":"post","2":"type-post","3":"status-publish","4":"format-standard","5":"has-post-thumbnail","7":"category-strasbourg","8":"tag-actu","9":"tag-actualites","10":"tag-eu","11":"tag-europe","12":"tag-fr","13":"tag-france","14":"tag-grand-est","15":"tag-ligue-1","16":"tag-news","17":"tag-olympique-lyonnais","18":"tag-rc-strasbourg","19":"tag-republique-francaise","20":"tag-strasbourg"},"share_on_mastodon":{"url":"https:\/\/pubeurope.com\/@fr\/115438839588648734","error":""},"_links":{"self":[{"href":"https:\/\/www.europesays.com\/fr\/wp-json\/wp\/v2\/posts\/490524","targetHints":{"allow":["GET"]}}],"collection":[{"href":"https:\/\/www.europesays.com\/fr\/wp-json\/wp\/v2\/posts"}],"about":[{"href":"https:\/\/www.europesays.com\/fr\/wp-json\/wp\/v2\/types\/post"}],"author":[{"embeddable":true,"href":"https:\/\/www.europesays.com\/fr\/wp-json\/wp\/v2\/users\/2"}],"replies":[{"embeddable":true,"href":"https:\/\/www.europesays.com\/fr\/wp-json\/wp\/v2\/comments?post=490524"}],"version-history":[{"count":0,"href":"https:\/\/www.europesays.com\/fr\/wp-json\/wp\/v2\/posts\/490524\/revisions"}],"wp:featuredmedia":[{"embeddable":true,"href":"https:\/\/www.europesays.com\/fr\/wp-json\/wp\/v2\/media\/490525"}],"wp:attachment":[{"href":"https:\/\/www.europesays.com\/fr\/wp-json\/wp\/v2\/media?parent=490524"}],"wp:term":[{"taxonomy":"category","embeddable":true,"href":"https:\/\/www.europesays.com\/fr\/wp-json\/wp\/v2\/categories?post=490524"},{"taxonomy":"post_tag","embeddable":true,"href":"https:\/\/www.europesays.com\/fr\/wp-json\/wp\/v2\/tags?post=490524"}],"curies":[{"name":"wp","href":"https:\/\/api.w.org\/{rel}","templated":true}]}}