{"id":490528,"date":"2025-10-26T05:36:34","date_gmt":"2025-10-26T05:36:34","guid":{"rendered":"https:\/\/www.europesays.com\/fr\/490528\/"},"modified":"2025-10-26T05:36:34","modified_gmt":"2025-10-26T05:36:34","slug":"pont-saint-martin-change-de-cap-pour-des-decisions-plus-durables-et-solidaires","status":"publish","type":"post","link":"https:\/\/www.europesays.com\/fr\/490528\/","title":{"rendered":"Pont-Saint-Martin change de cap pour des d\u00e9cisions plus durables et solidaires"},"content":{"rendered":"<p>Adopt\u00e9 en conseil municipal, l\u2019A30 \u2013 pour agenda 2030 \u2013 devient le fil rouge des projets de la commune. Con\u00e7u comme une boussole, il guidera les actions locales vers un avenir durable, solidaire et r\u00e9silient, en se souciant des effets du changement climatique.<\/p>\n<p><strong>Lire aussi\u00a0:<\/strong> <a href=\"https:\/\/nantes.maville.com\/actu\/actudet_-le-schema-de-coherence-territoriale-du-pays-de-retz-soumis-a-une-enquete-publique-_8-7030398_actu.Htm\" rel=\"nofollow noopener\" target=\"_blank\">Le Sch\u00e9ma de coh\u00e9rence territoriale du Pays de Retz soumis \u00e0 une enqu\u00eate publique<\/a><\/p>\n<p>Inspir\u00e9 de l\u2019Agenda 2030 des Nations unies, ce plan d\u2019action a \u00e9t\u00e9 \u00e9labor\u00e9 \u00e0 partir d\u2019une large concertation men\u00e9e sur trois ans, associant \u00e9lus, agents municipaux, conseils des citoyens, des sages et des enfants. Ce travail collectif a permis de d\u00e9gager des priorit\u00e9s claires et des actions concr\u00e8tes, int\u00e9grant les orientations du futur plan local d\u2019urbanisme (PLU) et du projet agricole et alimentaire communal.<\/p>\n<p>\u00ab\u00a0Avancer dans la m\u00eame direction\u00a0\u00bb<\/p>\n<p>\u00ab\u00a0L\u2019A30\u00a0est notre grille de lecture pour faire ensemble et avancer dans la m\u00eame direction, avec une conscience partag\u00e9e des enjeux\u00a0\u00bb, souligne le maire de Pont-Saint-Martin, Yannick F\u00e9tiveau.<\/p>\n<p>Structur\u00e9 autour de six grands d\u00e9fis, il oriente d\u00e9sormais les politiques publiques locales vers un d\u00e9veloppement \u00e9cologique, inclusif et solidaire \u00e0 horizon 2030.<\/p>\n<p>\u00a0<\/p>\n","protected":false},"excerpt":{"rendered":"Adopt\u00e9 en conseil municipal, l\u2019A30 \u2013 pour agenda 2030 \u2013 devient le fil rouge des projets de la&hellip;\n","protected":false},"author":2,"featured_media":490529,"comment_status":"","ping_status":"","sticky":false,"template":"","format":"standard","meta":{"footnotes":""},"categories":[2818],"tags":[1111,11,30721,6861,27875,61317,1777,674,1011,27,766,12,2636,5689,25,3272,11665],"class_list":{"0":"post-490528","1":"post","2":"type-post","3":"status-publish","4":"format-standard","5":"has-post-thumbnail","7":"category-nantes","8":"tag-actu","9":"tag-actualites","10":"tag-cap","11":"tag-change","12":"tag-decisions","13":"tag-durables","14":"tag-eu","15":"tag-europe","16":"tag-fr","17":"tag-france","18":"tag-nantes","19":"tag-news","20":"tag-pays-de-la-loire","21":"tag-pont-saint-martin","22":"tag-republique-francaise","23":"tag-saint-nazaire","24":"tag-solidaires"},"share_on_mastodon":{"url":"https:\/\/pubeurope.com\/@fr\/115438851395802587","error":""},"_links":{"self":[{"href":"https:\/\/www.europesays.com\/fr\/wp-json\/wp\/v2\/posts\/490528","targetHints":{"allow":["GET"]}}],"collection":[{"href":"https:\/\/www.europesays.com\/fr\/wp-json\/wp\/v2\/posts"}],"about":[{"href":"https:\/\/www.europesays.com\/fr\/wp-json\/wp\/v2\/types\/post"}],"author":[{"embeddable":true,"href":"https:\/\/www.europesays.com\/fr\/wp-json\/wp\/v2\/users\/2"}],"replies":[{"embeddable":true,"href":"https:\/\/www.europesays.com\/fr\/wp-json\/wp\/v2\/comments?post=490528"}],"version-history":[{"count":0,"href":"https:\/\/www.europesays.com\/fr\/wp-json\/wp\/v2\/posts\/490528\/revisions"}],"wp:featuredmedia":[{"embeddable":true,"href":"https:\/\/www.europesays.com\/fr\/wp-json\/wp\/v2\/media\/490529"}],"wp:attachment":[{"href":"https:\/\/www.europesays.com\/fr\/wp-json\/wp\/v2\/media?parent=490528"}],"wp:term":[{"taxonomy":"category","embeddable":true,"href":"https:\/\/www.europesays.com\/fr\/wp-json\/wp\/v2\/categories?post=490528"},{"taxonomy":"post_tag","embeddable":true,"href":"https:\/\/www.europesays.com\/fr\/wp-json\/wp\/v2\/tags?post=490528"}],"curies":[{"name":"wp","href":"https:\/\/api.w.org\/{rel}","templated":true}]}}