{"id":490539,"date":"2025-10-26T05:44:10","date_gmt":"2025-10-26T05:44:10","guid":{"rendered":"https:\/\/www.europesays.com\/fr\/490539\/"},"modified":"2025-10-26T05:44:10","modified_gmt":"2025-10-26T05:44:10","slug":"roubaix-deux-hommes-condamnes-pour-proxenetisme-aggrave-sur-une-femme-de-20-ans","status":"publish","type":"post","link":"https:\/\/www.europesays.com\/fr\/490539\/","title":{"rendered":"Roubaix. Deux hommes condamn\u00e9s pour prox\u00e9n\u00e9tisme aggrav\u00e9 sur une femme de 20 ans"},"content":{"rendered":"<p>            Par<br \/>\n        <strong><br \/>\n            <a href=\"https:\/\/actu.fr\/auteur\/zoe-hondt\" title=\"Consulter tous les articles de Zoe Hondt\" rel=\"nofollow noopener\" target=\"_blank\">Zoe Hondt<\/a><br \/>\n        <\/strong><\/p>\n<p>        Publi\u00e9 le<\/p>\n<p>            26 oct. 2025 \u00e0 6h20        <\/p>\n<p>Lundi 20 octobre, deux hommes de 22 et 23 ans ont \u00e9t\u00e9 jug\u00e9s en <b>comparution imm\u00e9diate<\/b>, au tribunal de <a href=\"https:\/\/actu.fr\/tag\/lille\" rel=\"nofollow noopener\" target=\"_blank\">Lille<\/a> (Nord), pour <b>prox\u00e9n\u00e9tisme aggrav\u00e9<\/b>. Les faits remontent au 11 septembre 2025 : via Instagram, ils auraient organis\u00e9 avec l\u2019ami d\u2019une jeune femme, un \u00ab\u00a0traquenard\u00a0\u00bb afin qu\u2019elle se prostitue \u00e0 <a href=\"https:\/\/actu.fr\/hauts-de-france\/roubaix_59512\" rel=\"nofollow noopener\" target=\"_blank\">Roubaix<\/a>. Originaire de la r\u00e9gion parisienne, elle vit en foyer d\u2019urgence et dit \u00eatre venue \u00e0 Lille pour <b>un simple week-end entre amis<\/b>. Les pr\u00e9venus livrent une tout autre version. R\u00e9cit.<\/p>\n<p>\u00ab\u00a0Pourquoi vous ne vous prostituez pas, vous ?\u00a0\u00bb<\/p>\n<p class=\" wall-content\">Le 13 septembre 2025, une femme de 20 ans se pr\u00e9sente au commissariat de Savigny-le-Temple (Seine-et-Marne). Elle dit avoir \u00e9t\u00e9 <b>forc\u00e9e \u00e0 se prostituer<\/b> par deux hommes, \u00e0 Roubaix. Les faits d\u00e9butent deux jours plus t\u00f4t : un ami, qui se livre \u00e0 la prostitution, lui propose d\u2019aller \u00e0 Lille pour le week-end. Les billets de train et le Airbnb sont d\u00e9j\u00e0 pay\u00e9s, la jeune femme accepte. \u00c0 la gare, les minutes d\u00e9filent, mais son ami n\u2019arrive pas. Elle finit par monter dans le train, seule. Il est environ 19 heures lorsqu\u2019elle arrive \u00e0 la gare Lille Flandres. Deux hommes l\u2019attendent et l\u2019accompagnent jusqu\u2019\u00e0 Roubaix. Ils l\u2019auraient ensuite <b>menac\u00e9e de rembourser le transport et le logement<\/b>, avant de lui confisquer son t\u00e9l\u00e9phone.<\/p>\n<p class=\" wall-content\">Le lendemain, une annonce de prostitution est cr\u00e9\u00e9e. La victime explique avoir vu d\u00e9filer <b>une dizaine d\u2019hommes<\/b> et estime la <b>recette journali\u00e8re entre 500 et 700 euros<\/b>. Elle ajoute avoir eu \u00ab\u00a0tr\u00e8s peur\u00a0\u00bb et l\u2019envie de \u00ab\u00a0s\u2019enfuir ou mourir\u00a0\u00bb. Apr\u00e8s les faits, le m\u00e9decin l\u00e9giste rend compte <b>d\u2019insomnies<\/b>, d\u2019un \u00e9tat de <b>stress \u00e9lev\u00e9<\/b> et d\u2019une <b>g\u00eane pour s\u2019alimenter<\/b> chez la victime. Elle obtient <b>quinze jours d\u2019interruption totale de travail<\/b>.<\/p>\n<p class=\" wall-content\">Les recherches commencent. Les policiers comparent les num\u00e9ros de t\u00e9l\u00e9phone indiqu\u00e9s sur l\u2019annonce avec les appels que la victime a re\u00e7us des deux hommes. La ligne t\u00e9l\u00e9phonique qui a servi \u00e0 payer le billet de train de la victime est \u00e9galement trac\u00e9e. Les pr\u00e9venus sont confondus et interpell\u00e9s le 16 octobre. Au tribunal, ils sont confront\u00e9s \u00e0 leurs actes, qu\u2019ils justifient par leur besoin d\u2019argent. \u00ab\u00a0Pourquoi vous ne vous prostituez pas, vous ? Vous contribuez \u00e0 exploiter des femmes qui ne vont pas bien\u00a0\u00bb, consid\u00e8re le pr\u00e9sident. Ils peinent \u00e0 r\u00e9pondre.<\/p>\n<p>Une tout autre version<\/p>\n<p class=\" wall-content\">Les deux hommes reconnaissent tout de m\u00eame \u00ab\u00a0une forme d\u2019implication\u00a0\u00bb, mais <b>contestent avoir menac\u00e9 ou violent\u00e9 la victime<\/b>. \u00ab\u00a0Elle est venue librement. La porte n\u2019a jamais \u00e9t\u00e9 ferm\u00e9e \u00e0 cl\u00e9 et elle avait toujours acc\u00e8s \u00e0 son t\u00e9l\u00e9phone\u00a0\u00bb, d\u00e9clare l\u2019un deux. Pour le tribunal \u00e7a ne change rien : le prox\u00e9n\u00e9tisme est l\u2019action \u00ab\u00a0d\u2019aider, d\u2019assister ou de prot\u00e9ger la prostitution d\u2019autrui\u00a0\u00bb. Les pr\u00e9venus ont en effet des <b>r\u00f4les bien pr\u00e9cis<\/b> : l\u2019un finance l\u2019annonce, le transport et l\u2019h\u00e9bergement, l\u2019autre \u00ab\u00a0recrute\u00a0\u00bb des jeunes femmes via le compte Instagram \u00ab\u00a0Plan sous les filles\u00a0\u00bb et g\u00e8re le contact avec les clients.<\/p>\n<p class=\" wall-content\">S\u2019ils ont conscience de leur implication, ils donnent pourtant d\u2019autres explications : la jeune femme \u00ab\u00a0s\u2019y connaissait\u00a0\u00bb et son ami les a contact\u00e9s sur Instagram car elle voulait se faire de l\u2019argent. Elle devait rester une semaine et aurait elle-m\u00eame envoy\u00e9 des photos pour cr\u00e9er l\u2019annonce. La jeune femme serait rentr\u00e9e chez elle pour faire une pause, \u00e0 cause de ses menstruations. \u00ab\u00a0Si elle \u00e9tait d\u2019accord, pourquoi a-t-elle port\u00e9 plainte ?\u00a0\u00bb, demande na\u00efvement le procureur. Parce qu\u2019elle ne peut pas rembourser le billet de train, selon les pr\u00e9venus.<\/p>\n<p>Votre r\u00e9gion, votre actu !<\/p>\n<p>Recevez chaque jour les infos qui comptent pour vous.<\/p>\n<p>\t<a href=\"https:\/\/actu.fr\/newsletter\" class=\"ac-btn ac-btn--corner ac-btn--medium ac-btn--blue800\" rel=\"nofollow noopener\" target=\"_blank\">S&rsquo;incrire<\/a><br \/>\n\u00ab\u00a0Deux zozos qui voulaient un peu d\u2019argent facile\u00a0\u00bb<\/p>\n<p class=\" wall-content\">\u00ab\u00a0Il faut que \u00e7a rentre dans vos cr\u00e2nes !\u00a0\u00bb, fustige l\u2019avocat de la victime, rappelant aux pr\u00e9venus la gravit\u00e9 des faits. Sa cliente est \u00ab\u00a0une gamine\u00a0\u00bb qui a \u00e9t\u00e9 \u00ab\u00a0r\u00e9duite en objet\u00a0\u00bb et retenue \u00ab\u00a0captive\u00a0\u00bb. Pour lui, il n\u2019y a \u00ab\u00a0aucun doute\u00a0\u00bb sur la culpabilit\u00e9 des deux hommes : \u00ab\u00a0Il n\u2019y a pas un seul \u00e9l\u00e9ment qui d\u00e9montre qu\u2019elle voulait le faire.\u00a0\u00bb Il demande <b>3 000 euros de dommages et int\u00e9r\u00eats<\/b> pour \u00ab\u00a0indemniser ce qu\u2019elle a pay\u00e9 de son corps\u00a0\u00bb. L\u2019avocat de la d\u00e9fense veut, quant \u00e0 lui, \u00ab\u00a0restituer au dossier son exacte dimension\u00a0\u00bb. Selon lui, le r\u00e9el prox\u00e9n\u00e8te est l\u2019ami de la victime. Il d\u00e9peint ses clients comme \u00ab\u00a0deux zozos qui voulaient un peu d\u2019argent facile\u00a0\u00bb.<\/p>\n<p class=\" wall-content\">\u00ab\u00a0Le pi\u00e8ge s\u2019est referm\u00e9\u00a0\u00bb sur la jeune femme selon le procureur. Il d\u00e9crit une situation \u00ab\u00a0parfaitement r\u00f4d\u00e9e\u00a0\u00bb par l\u2019ami de la victime et les deux Roubaisiens, qui ont tout fait pour \u00ab\u00a0la mettre en confiance\u00a0\u00bb. Leur version des faits ne tient pas : si la victime se prostituait d\u00e9j\u00e0, pourquoi venir \u00e0 Roubaix ? \u00ab\u00a0Il y a largement suffisamment de clients en r\u00e9gion parisienne\u00a0\u00bb, raille le procureur. Il requiert la m\u00eame peine pour les deux hommes : trois ans d\u2019emprisonnement dont un an assorti d\u2019un sursis probatoire.<\/p>\n<p class=\" wall-content\">Le tribunal tranche. Les pr\u00e9venus sont condamn\u00e9s \u00e0 <b>trois ans d\u2019emprisonnement dont deux ans sous sursis probatoire<\/b>. La partie ferme sera \u00e0 domicile avec un bracelet \u00e9lectronique.<\/p>\n<p class=\" wall-content\">Personnalisez votre actualit\u00e9 en ajoutant vos villes et m\u00e9dias en favori avec <a href=\"https:\/\/moncompte.actu.fr\" title=\"D\u00e9couvez Mon Actu\" rel=\"nofollow noopener\" data-trk=\"{&quot;cta&quot;:{&quot;action&quot;:&quot;https:\\\/\\\/moncompte.actu.fr&quot;,&quot;category&quot;:&quot;mon compte&quot;,&quot;from&quot;:&quot;article footer&quot;,&quot;name&quot;:&quot;Mon actu&quot;,&quot;type&quot;:&quot;cta&quot;}}\" target=\"_blank\">Mon Actu<\/a>.<\/p>\n","protected":false},"excerpt":{"rendered":"Par Zoe Hondt Publi\u00e9 le 26 oct. 2025 \u00e0 6h20 Lundi 20 octobre, deux hommes de 22 et&hellip;\n","protected":false},"author":2,"featured_media":490540,"comment_status":"","ping_status":"","sticky":false,"template":"","format":"standard","meta":{"footnotes":""},"categories":[2815],"tags":[1111,11,1777,674,118,1011,27,811,303,1307,12,2694,25],"class_list":{"0":"post-490539","1":"post","2":"type-post","3":"status-publish","4":"format-standard","5":"has-post-thumbnail","7":"category-lille","8":"tag-actu","9":"tag-actualites","10":"tag-eu","11":"tag-europe","12":"tag-faits-divers","13":"tag-fr","14":"tag-france","15":"tag-hauts-de-france","16":"tag-justice","17":"tag-lille","18":"tag-news","19":"tag-proces","20":"tag-republique-francaise"},"share_on_mastodon":{"url":"https:\/\/pubeurope.com\/@fr\/115438882915967823","error":""},"_links":{"self":[{"href":"https:\/\/www.europesays.com\/fr\/wp-json\/wp\/v2\/posts\/490539","targetHints":{"allow":["GET"]}}],"collection":[{"href":"https:\/\/www.europesays.com\/fr\/wp-json\/wp\/v2\/posts"}],"about":[{"href":"https:\/\/www.europesays.com\/fr\/wp-json\/wp\/v2\/types\/post"}],"author":[{"embeddable":true,"href":"https:\/\/www.europesays.com\/fr\/wp-json\/wp\/v2\/users\/2"}],"replies":[{"embeddable":true,"href":"https:\/\/www.europesays.com\/fr\/wp-json\/wp\/v2\/comments?post=490539"}],"version-history":[{"count":0,"href":"https:\/\/www.europesays.com\/fr\/wp-json\/wp\/v2\/posts\/490539\/revisions"}],"wp:featuredmedia":[{"embeddable":true,"href":"https:\/\/www.europesays.com\/fr\/wp-json\/wp\/v2\/media\/490540"}],"wp:attachment":[{"href":"https:\/\/www.europesays.com\/fr\/wp-json\/wp\/v2\/media?parent=490539"}],"wp:term":[{"taxonomy":"category","embeddable":true,"href":"https:\/\/www.europesays.com\/fr\/wp-json\/wp\/v2\/categories?post=490539"},{"taxonomy":"post_tag","embeddable":true,"href":"https:\/\/www.europesays.com\/fr\/wp-json\/wp\/v2\/tags?post=490539"}],"curies":[{"name":"wp","href":"https:\/\/api.w.org\/{rel}","templated":true}]}}