{"id":490541,"date":"2025-10-26T05:45:25","date_gmt":"2025-10-26T05:45:25","guid":{"rendered":"https:\/\/www.europesays.com\/fr\/490541\/"},"modified":"2025-10-26T05:45:25","modified_gmt":"2025-10-26T05:45:25","slug":"ligue-1-lille-fc-metz-le-changement-cest-maintenant","status":"publish","type":"post","link":"https:\/\/www.europesays.com\/fr\/490541\/","title":{"rendered":"Ligue 1. Lille\u00a0&#8211;\u00a0FC Metz\u00a0: le changement, c\u2019est maintenant\u00a0?"},"content":{"rendered":"<p>Les murs du Stadium ont trembl\u00e9, dimanche dernier. La sixi\u00e8me d\u00e9faite du FC Metz en huit journ\u00e9es, face \u00e0 Toulouse (4-0), a suffisamment chagrin\u00e9 <a href=\"https:\/\/www.republicain-lorrain.fr\/p\/bernard-serin\" target=\"_blank\" rel=\"noopener\">Bernard Serin<\/a>, Fr\u00e9d\u00e9ric Arpinon\u2026 et <a href=\"https:\/\/www.republicain-lorrain.fr\/p\/carlo-molinari\" target=\"_blank\" rel=\"noopener\">Carlo Molinari<\/a> \u2013 du haut de ses 92 ans \u2013 pour que ces derniers fassent entendre leur fa\u00e7on de penser \u00e0 des joueurs visiblement d\u00e9pass\u00e9s par les \u00e9v\u00e9nements.<\/p>\n<p>Dernier de Ligue 1 avec deux petits points, le promu semble avoir d\u00e9j\u00e0 r\u00e9serv\u00e9 sa place dans le prochain ascenseur, \u00e0 26 journ\u00e9es de la fin du championnat, ce qui constitue une performance en soi. Mais il ne cesse de se r\u00e9p\u00e9ter, \u00e0 tort ou \u00e0 raison \u2013 l\u2019avenir le dira \u2013, que la situation n\u2019est pas d\u00e9sesp\u00e9r\u00e9e et que les concurrents directs ne sont qu\u2019\u00e0 quatre points. Factuel et incontestable, certes, mais il faudra changer bien des choses pour avoir&#8230;<\/p>\n","protected":false},"excerpt":{"rendered":"Les murs du Stadium ont trembl\u00e9, dimanche dernier. La sixi\u00e8me d\u00e9faite du FC Metz en huit journ\u00e9es, face&hellip;\n","protected":false},"author":2,"featured_media":490542,"comment_status":"","ping_status":"","sticky":false,"template":"","format":"standard","meta":{"footnotes":""},"categories":[2815],"tags":[1111,11,5598,1777,674,8113,107,63,1011,27,811,1307,6212,6213,12,25,517,1700],"class_list":{"0":"post-490541","1":"post","2":"type-post","3":"status-publish","4":"format-standard","5":"has-post-thumbnail","7":"category-lille","8":"tag-actu","9":"tag-actualites","10":"tag-edition-metz-et-agglomeration","11":"tag-eu","12":"tag-europe","13":"tag-fc-metz","14":"tag-fil-info","15":"tag-football","16":"tag-fr","17":"tag-france","18":"tag-hauts-de-france","19":"tag-lille","20":"tag-metz","21":"tag-metz-ville-57b","22":"tag-news","23":"tag-republique-francaise","24":"tag-sport","25":"tag-sport-lorrain"},"share_on_mastodon":{"url":"https:\/\/pubeurope.com\/@fr\/115438886817009367","error":""},"_links":{"self":[{"href":"https:\/\/www.europesays.com\/fr\/wp-json\/wp\/v2\/posts\/490541","targetHints":{"allow":["GET"]}}],"collection":[{"href":"https:\/\/www.europesays.com\/fr\/wp-json\/wp\/v2\/posts"}],"about":[{"href":"https:\/\/www.europesays.com\/fr\/wp-json\/wp\/v2\/types\/post"}],"author":[{"embeddable":true,"href":"https:\/\/www.europesays.com\/fr\/wp-json\/wp\/v2\/users\/2"}],"replies":[{"embeddable":true,"href":"https:\/\/www.europesays.com\/fr\/wp-json\/wp\/v2\/comments?post=490541"}],"version-history":[{"count":0,"href":"https:\/\/www.europesays.com\/fr\/wp-json\/wp\/v2\/posts\/490541\/revisions"}],"wp:featuredmedia":[{"embeddable":true,"href":"https:\/\/www.europesays.com\/fr\/wp-json\/wp\/v2\/media\/490542"}],"wp:attachment":[{"href":"https:\/\/www.europesays.com\/fr\/wp-json\/wp\/v2\/media?parent=490541"}],"wp:term":[{"taxonomy":"category","embeddable":true,"href":"https:\/\/www.europesays.com\/fr\/wp-json\/wp\/v2\/categories?post=490541"},{"taxonomy":"post_tag","embeddable":true,"href":"https:\/\/www.europesays.com\/fr\/wp-json\/wp\/v2\/tags?post=490541"}],"curies":[{"name":"wp","href":"https:\/\/api.w.org\/{rel}","templated":true}]}}