{"id":490544,"date":"2025-10-26T05:47:11","date_gmt":"2025-10-26T05:47:11","guid":{"rendered":"https:\/\/www.europesays.com\/fr\/490544\/"},"modified":"2025-10-26T05:47:11","modified_gmt":"2025-10-26T05:47:11","slug":"marseille-un-nouveau-projet-pour-relancer-la-reparation-navale","status":"publish","type":"post","link":"https:\/\/www.europesays.com\/fr\/490544\/","title":{"rendered":"Marseille : Un nouveau projet pour relancer la r\u00e9paration navale"},"content":{"rendered":"<p>Apr\u00e8s le retrait du groupe espagnol Boluda, les anciens salari\u00e9s d&rsquo;UNM, mise en liquidation judiciaire en mars dernier, poursuivent leur combat pour faire rena\u00eetre la r\u00e9paration navale lourde \u00e0 Marseille. Cette semaine, la pr\u00e9fecture des Bouches-du-Rh\u00f4ne a valid\u00e9 un projet de relance de l&rsquo;activit\u00e9, port\u00e9 par la CGT et d&rsquo;anciennes entreprises sous-traitantes d&rsquo;UNM. Ces PME ont cr\u00e9\u00e9 Naval Marseille, une soci\u00e9t\u00e9 par actions simplifi\u00e9e (SAS) qui regroupe une trentaine de soci\u00e9t\u00e9s et repr\u00e9sente 500 employ\u00e9s. Le syndicat, de son c\u00f4t\u00e9, a propos\u00e9 de cr\u00e9er une SAS en capitalisant une partie des droits Assedic de 60 des 130 ex-salari\u00e9s de l&rsquo;UNM, a rapport\u00e9 l&rsquo;Agence France Presse. Les deux soci\u00e9t\u00e9s pourraient alors se rapprocher pour relancer l&rsquo;activit\u00e9. Le montage serait aussi susceptible de s&rsquo;inscrire dans le cadre de l&rsquo;appel d&rsquo;offres lanc\u00e9 par le port de Marseille. La date butoir pour les candidats est fix\u00e9e par le Grand Port Maritime au 30 octobre, un choix devant \u00eatre fait d\u00e9but 2010. Le GPM souhaite voir s&rsquo;implanter un acteur industriel capable de g\u00e9n\u00e9rer un chiffre d&rsquo;affaires d&rsquo;au moins 15 millions d&rsquo;euros par an. En attendant, les anciens salari\u00e9s d&rsquo;UNM et les PME se disent pr\u00eats \u00e0 reprendre le travail et accueillir les clients. Le pr\u00e9fet a indiqu\u00e9 que les pouvoirs publics allaient aider, dans les prochaines semaines, au d\u00e9marrage de l&rsquo;activit\u00e9.   <\/p>\n","protected":false},"excerpt":{"rendered":"Apr\u00e8s le retrait du groupe espagnol Boluda, les anciens salari\u00e9s d&rsquo;UNM, mise en liquidation judiciaire en mars dernier,&hellip;\n","protected":false},"author":2,"featured_media":490545,"comment_status":"","ping_status":"","sticky":false,"template":"","format":"standard","meta":{"footnotes":""},"categories":[2814],"tags":[1111,11,6130,6141,6131,6138,2380,6135,554,1777,6136,674,1011,27,6139,6134,3135,6128,567,6129,884,6127,12,6132,4838,882,6133,25,6140,6137],"class_list":{"0":"post-490544","1":"post","2":"type-post","3":"status-publish","4":"format-standard","5":"has-post-thumbnail","7":"category-marseille","8":"tag-actu","9":"tag-actualites","10":"tag-chantiers","11":"tag-commando","12":"tag-construction-navale","13":"tag-costa","14":"tag-croisiere","15":"tag-dcns","16":"tag-defense","17":"tag-eu","18":"tag-euronaval","19":"tag-europe","20":"tag-fr","21":"tag-france","22":"tag-fremm","23":"tag-interviews","24":"tag-littoral","25":"tag-marine","26":"tag-marine-nationale","27":"tag-maritime","28":"tag-marseille","29":"tag-mer","30":"tag-news","31":"tag-offshore","32":"tag-peche","33":"tag-provence-alpes-cote-dazur","34":"tag-reportages","35":"tag-republique-francaise","36":"tag-sncm","37":"tag-stx"},"share_on_mastodon":{"url":"https:\/\/pubeurope.com\/@fr\/115438894755415791","error":""},"_links":{"self":[{"href":"https:\/\/www.europesays.com\/fr\/wp-json\/wp\/v2\/posts\/490544","targetHints":{"allow":["GET"]}}],"collection":[{"href":"https:\/\/www.europesays.com\/fr\/wp-json\/wp\/v2\/posts"}],"about":[{"href":"https:\/\/www.europesays.com\/fr\/wp-json\/wp\/v2\/types\/post"}],"author":[{"embeddable":true,"href":"https:\/\/www.europesays.com\/fr\/wp-json\/wp\/v2\/users\/2"}],"replies":[{"embeddable":true,"href":"https:\/\/www.europesays.com\/fr\/wp-json\/wp\/v2\/comments?post=490544"}],"version-history":[{"count":0,"href":"https:\/\/www.europesays.com\/fr\/wp-json\/wp\/v2\/posts\/490544\/revisions"}],"wp:featuredmedia":[{"embeddable":true,"href":"https:\/\/www.europesays.com\/fr\/wp-json\/wp\/v2\/media\/490545"}],"wp:attachment":[{"href":"https:\/\/www.europesays.com\/fr\/wp-json\/wp\/v2\/media?parent=490544"}],"wp:term":[{"taxonomy":"category","embeddable":true,"href":"https:\/\/www.europesays.com\/fr\/wp-json\/wp\/v2\/categories?post=490544"},{"taxonomy":"post_tag","embeddable":true,"href":"https:\/\/www.europesays.com\/fr\/wp-json\/wp\/v2\/tags?post=490544"}],"curies":[{"name":"wp","href":"https:\/\/api.w.org\/{rel}","templated":true}]}}