{"id":490546,"date":"2025-10-26T05:48:11","date_gmt":"2025-10-26T05:48:11","guid":{"rendered":"https:\/\/www.europesays.com\/fr\/490546\/"},"modified":"2025-10-26T05:48:11","modified_gmt":"2025-10-26T05:48:11","slug":"immobilier-cette-commune-pres-de-lyon-voit-ses-prix-chuter-des-affaires-a-saisir","status":"publish","type":"post","link":"https:\/\/www.europesays.com\/fr\/490546\/","title":{"rendered":"Immobilier. Cette commune pr\u00e8s de Lyon voit ses prix chuter, des affaires \u00e0 saisir"},"content":{"rendered":"<p>            Par<br \/>\n        <strong><br \/>\n            <a href=\"https:\/\/actu.fr\/auteur\/julien-damboise\" title=\"Consulter tous les articles de Julien Damboise\" target=\"_blank\" rel=\"noopener\">Julien Damboise<\/a><br \/>\n        <\/strong><\/p>\n<p>        Publi\u00e9 le<\/p>\n<p>            26 oct. 2025 \u00e0 6h28        <\/p>\n<p>C\u2019est une baisse qui fera plaisir aux futurs acheteurs. <a href=\"https:\/\/actu.fr\/auvergne-rhone-alpes\/villeurbanne_69266\" target=\"_blank\" rel=\"noopener\">Villeurbanne<\/a> a vu <strong>ses prix de l\u2019immobilier chuter de 10 %<\/strong> en seulement deux ans, d\u2019apr\u00e8s une \u00e9tude r\u00e9cemment d\u00e9voil\u00e9e par le site d\u2019immobilier en ligne <a href=\"https:\/\/www.pap.fr\/actualites\/villeurbanne-les-prix-chutent-encore-de-7-en-un-an-un-quartier-tombe-sous-les\/a28537\" target=\"_blank\" rel=\"noopener\">Particulier \u00e0 Particulier<\/a>.<br \/>Dans la commune toute proche de <a href=\"https:\/\/actu.fr\/lyon\/\" target=\"_blank\" rel=\"noopener\">Lyon<\/a>, la fin de la baisse est esp\u00e9r\u00e9e pour l\u2019ann\u00e9e prochaine. Voici les <strong>quartiers recommand\u00e9s<\/strong>.<\/p>\n<p>20 % moins chers qu\u2019\u00e0 Lyon<\/p>\n<p class=\" wall-content\">Le constat est d\u00e9sormais sans appel : dans la ville de <a href=\"https:\/\/actu.fr\/auvergne-rhone-alpes\/villeurbanne_69266\" target=\"_blank\" rel=\"noopener\">Villeurbanne<\/a>, les prix des logements \u00ab\u00a0sont <strong>nettement plus accessibles<\/strong> que sa grande voisine lyonnaise\u00a0\u00bb.\u00a0D\u2019apr\u00e8s PAP, apr\u00e8s plusieurs mois de baisse, une stabilisation des prix est en cours avec une diff\u00e9rence de<strong> 20 % moins chers qu\u2019\u00e0 Lyon<\/strong> actuellement.<\/p>\n<p class=\" wall-content\">En deux ans, la chute est m\u00eame de <strong>\u2013 10, 6% des tarifs<\/strong> sur la commune, mais \u00ab\u00a0les quartiers bien desservis et cot\u00e9s (proches m\u00e9tros, commerces, \u00e9coles) pourraient assister \u00e0 un red\u00e9marrage mod\u00e9r\u00e9 des prix\u00a0\u00bb. Les grands projets urbains, apr\u00e8s les travaux, pourraient renforcer l\u2019attractivit\u00e9 de zones.<\/p>\n<p class=\" wall-content\">Aujourd\u2019hui, le prix moyen est donc de<strong> 3 616 \u20ac\/m<\/strong>\u00b2. Soit 179 900 euros pour un T2 d\u2019environ 47 m\u00b2 et 225 400 \u20ac\u00a0 le T3 de 65 m\u00b2.<\/p>\n<p>Les quartiers les moins chers<\/p>\n<p class=\" wall-content\">Sans surprise, le parc immobilier est majoritairement compos\u00e9 d\u2019appartements : \u00e0 92 % pour PAP, et seulement 5 % de maisons vendues autour de 429 300 \u20ac.\u00a0<\/p>\n<p class=\" wall-content\">Et il y a de grosses diff\u00e9rences\u00a0des prix moyens au m\u00b2 entre les quartiers.<\/p>\n<p class=\" wall-content\">Quartier <strong>Ferrandi\u00e8re<\/strong>, le prix moyen est de 3 513 \u20ac\/m\u00b2. \u00ab\u00a0En pleine en mutation, accessible, situ\u00e9 \u00e0 deux pas des grands axes et transports\u00a0\u00bb, note PAP, avec des acheteurs primo-acc\u00e9dants au <strong>budget serr\u00e9<\/strong>, ou des investisseurs qui parient sur la revalorisation.<\/p>\n<p>Votre r\u00e9gion, votre actu !<\/p>\n<p>Recevez chaque jour les infos qui comptent pour vous.<\/p>\n<p>\t<a href=\"https:\/\/actu.fr\/newsletter\" class=\"ac-btn ac-btn--corner ac-btn--medium ac-btn--blue800\" target=\"_blank\" rel=\"noopener\">S&rsquo;incrire<\/a><\/p>\n<p class=\" wall-content\">Toujours peu couteux, \u00e0 3 981 \u20ac\/m\u00b2, <strong>Gratte-Ciel<\/strong> \u00ab\u00a0c\u0153ur battant\u00a0\u00bb, avec son esprit art d\u00e9co embl\u00e9matique. Un secteur recherch\u00e9 par les \u00e9tudiants, les jeunes m\u00e9nages et l\u00e0-encore les investisseurs qui \u00ab\u00a0cherchent une rentabilit\u00e9 sur de petites surfaces\u00a0\u00bb. Les biens <strong>trouvent preneur tr\u00e8s vite<\/strong>, notent les experts de l\u2019immobilier.<\/p>\n<p>    <img   decoding=\"async\" loading=\"lazy\" src=\"https:\/\/www.europesays.com\/fr\/wp-content\/uploads\/2025\/10\/chantier-gratte-ciel-villeurbanne-1-960x640.jpg\" alt=\"Le chantier de l'extension du quartier Gratte-Ciel vu depuis un immeuble historique, \u00e0 Villeurbanne, en juillet 2024.\" width=\"960\" height=\"640\"\/><br \/>\n    Le chantier de l\u2019extension du quartier Gratte-Ciel vu depuis un immeuble historique, \u00e0 Villeurbanne, en juillet 2024. (\u00a9Nicolas Zaugra\/ actu Lyon)Charles-Hernu en Top 1<\/p>\n<p class=\" wall-content\">Les principales motivations d\u2019achat sont la proximit\u00e9 de Lyon, notamment pour le travail, les \u00e9tablissements scolaires ou les offres culturelles, ce qui fait de Charles-Hernu le quartier qui \u00ab\u00a0cartonne\u00a0\u00bb le plus selon PAP.<\/p>\n<p class=\" wall-content\"><strong>Proche du 6\u1d49 arrondissement <\/strong>de\u00a0la capitale des Gaules, il voit arriver des \u00ab\u00a0cadres et familles ais\u00e9es, souvent d\u00e9j\u00e0 propri\u00e9taires \u00e0 Lyon et qui <strong>cherchent plus grand<\/strong> \u00e0 un prix plus raisonnable\u00a0\u00bb. Pour la \u00ab\u00a0qualit\u00e9 r\u00e9sidentielle\u00a0\u00bb, le prix grimpe \u00e0 4 206 \u20ac\/m\u00b2.<\/p>\n<p class=\" wall-content\">\u00c0 noter enfin dans les quartiers recommand\u00e9s : <strong>R\u00e9publique<\/strong> \u00e0 4 120 \u20ac\/m\u00b2, vant\u00e9 pour ses transports, commerces, \u00e9coles et espaces culturels, et <strong>Les Poulettes<\/strong> pour 4 090 \u20ac\/m\u00b2, un mix de petits immeubles et d\u2019espaces verts.\u00a0<\/p>\n<p class=\" wall-content\">Personnalisez votre actualit\u00e9 en ajoutant vos villes et m\u00e9dias en favori avec <a href=\"https:\/\/moncompte.actu.fr\" title=\"D\u00e9couvez Mon Actu\" rel=\"nofollow noopener\" data-trk=\"{&quot;cta&quot;:{&quot;action&quot;:&quot;https:\\\/\\\/moncompte.actu.fr&quot;,&quot;category&quot;:&quot;mon compte&quot;,&quot;from&quot;:&quot;article footer&quot;,&quot;name&quot;:&quot;Mon actu&quot;,&quot;type&quot;:&quot;cta&quot;}}\" target=\"_blank\">Mon Actu<\/a>.<\/p>\n","protected":false},"excerpt":{"rendered":"Par Julien Damboise Publi\u00e9 le 26 oct. 2025 \u00e0 6h28 C\u2019est une baisse qui fera plaisir aux futurs&hellip;\n","protected":false},"author":2,"featured_media":490547,"comment_status":"","ping_status":"","sticky":false,"template":"","format":"standard","meta":{"footnotes":""},"categories":[1889],"tags":[1111,11,2430,215,1777,674,1011,27,1116,1908,2428,12,25,104],"class_list":{"0":"post-490546","1":"post","2":"type-post","3":"status-publish","4":"format-standard","5":"has-post-thumbnail","7":"category-lyon","8":"tag-actu","9":"tag-actualites","10":"tag-auvergne-rhone-alpes","11":"tag-commerce","12":"tag-eu","13":"tag-europe","14":"tag-fr","15":"tag-france","16":"tag-immobilier","17":"tag-logement","18":"tag-lyon","19":"tag-news","20":"tag-republique-francaise","21":"tag-societe"},"share_on_mastodon":{"url":"https:\/\/pubeurope.com\/@fr\/115438899168947176","error":""},"_links":{"self":[{"href":"https:\/\/www.europesays.com\/fr\/wp-json\/wp\/v2\/posts\/490546","targetHints":{"allow":["GET"]}}],"collection":[{"href":"https:\/\/www.europesays.com\/fr\/wp-json\/wp\/v2\/posts"}],"about":[{"href":"https:\/\/www.europesays.com\/fr\/wp-json\/wp\/v2\/types\/post"}],"author":[{"embeddable":true,"href":"https:\/\/www.europesays.com\/fr\/wp-json\/wp\/v2\/users\/2"}],"replies":[{"embeddable":true,"href":"https:\/\/www.europesays.com\/fr\/wp-json\/wp\/v2\/comments?post=490546"}],"version-history":[{"count":0,"href":"https:\/\/www.europesays.com\/fr\/wp-json\/wp\/v2\/posts\/490546\/revisions"}],"wp:featuredmedia":[{"embeddable":true,"href":"https:\/\/www.europesays.com\/fr\/wp-json\/wp\/v2\/media\/490547"}],"wp:attachment":[{"href":"https:\/\/www.europesays.com\/fr\/wp-json\/wp\/v2\/media?parent=490546"}],"wp:term":[{"taxonomy":"category","embeddable":true,"href":"https:\/\/www.europesays.com\/fr\/wp-json\/wp\/v2\/categories?post=490546"},{"taxonomy":"post_tag","embeddable":true,"href":"https:\/\/www.europesays.com\/fr\/wp-json\/wp\/v2\/tags?post=490546"}],"curies":[{"name":"wp","href":"https:\/\/api.w.org\/{rel}","templated":true}]}}