{"id":490548,"date":"2025-10-26T05:49:10","date_gmt":"2025-10-26T05:49:10","guid":{"rendered":"https:\/\/www.europesays.com\/fr\/490548\/"},"modified":"2025-10-26T05:49:10","modified_gmt":"2025-10-26T05:49:10","slug":"lyon-cette-nouvelle-exposition-monstrueuse-cartonne-au-musee-des-confluences","status":"publish","type":"post","link":"https:\/\/www.europesays.com\/fr\/490548\/","title":{"rendered":"Lyon. Cette nouvelle exposition \u00ab\u00a0monstrueuse\u00a0\u00bb cartonne au mus\u00e9e des Confluences"},"content":{"rendered":"<p>            Par<br \/>\n        <strong><br \/>\n            <a href=\"https:\/\/actu.fr\/auteur\/ludivine-caporal\" title=\"Consulter tous les articles de Ludivine Caporal\" target=\"_blank\" rel=\"noopener\">Ludivine Caporal<\/a><br \/>\n        <\/strong><\/p>\n<p>        Publi\u00e9 le<\/p>\n<p>            26 oct. 2025 \u00e0 6h40        <\/p>\n<p>Une visite enti\u00e8re consacr\u00e9e \u00e0 l\u2019un des ph\u00e9nom\u00e8nes horrifiques les plus populaires au monde : c\u2019est ce que propose, depuis le 17 octobre 2025, le <a href=\"https:\/\/actu.fr\/tag\/musee-des-confluences\" target=\"_blank\" rel=\"noopener\">mus\u00e9e des Confluences<\/a> de <a href=\"https:\/\/actu.fr\/auvergne-rhone-alpes\/lyon_69123\" target=\"_blank\" rel=\"noopener\">Lyon<\/a> \u00e0 travers sa nouvelle exposition \u00ab\u00a0Zombis\u00a0\u00bb.<\/p>\n<p class=\" wall-content\">De leurs origines<strong> en Ha\u00efti<\/strong>, loin de la repr\u00e9sentation cin\u00e9matographique du mort-vivant contagieux, \u00e0 la fascination qu\u2019ils suscitent, \u00ab\u00a0Zombis\u00a0\u00bb offre une plong\u00e9e d\u00e9taill\u00e9e dans l\u2019histoire de ces monstres et des croyances qui les entourent.<\/p>\n<p>Atmosph\u00e8re sombre mais pas terrifiante<\/p>\n<p class=\" wall-content\">Visible jusqu\u2019\u00e0 ao\u00fbt 2026 au premier \u00e9tage du mus\u00e9e, l\u2019exposition ratisse large dans ses sujets et, surtout, semble rassembler toutes les g\u00e9n\u00e9rations au sein d\u2019une atmosph\u00e8re sombre et d\u2019une sc\u00e9nographie travaill\u00e9e.\u00a0<\/p>\n<p class=\" wall-content\">De nombreux visiteurs de tout \u00e2ge poussent en effet ses portes depuis son ouverture, m\u00eame des familles avec de jeunes enfants, malgr\u00e9 le fait que l\u2019exposition soit <strong>d\u00e9conseill\u00e9e (mais pas interdite) aux moins de 13 ans.\u00a0<\/strong><\/p>\n<p class=\" wall-content\">Selon nous, \u00ab\u00a0Zombis\u00a0\u00bb reste en tout cas assez \u00ab\u00a0soft\u00a0\u00bb en termes d\u2019images explicites et n\u2019a rien de particuli\u00e8rement terrifiant. Ce qui n\u2019est d\u2019ailleurs pas vraiment sa vocation, \u00e0 notre (l\u00e9ger) regret.<\/p>\n<p class=\" wall-content\">Personnalisez votre actualit\u00e9 en ajoutant vos villes et m\u00e9dias en favori avec <a href=\"https:\/\/moncompte.actu.fr\" title=\"D\u00e9couvez Mon Actu\" rel=\"nofollow noopener\" data-trk=\"{&quot;cta&quot;:{&quot;action&quot;:&quot;https:\\\/\\\/moncompte.actu.fr&quot;,&quot;category&quot;:&quot;mon compte&quot;,&quot;from&quot;:&quot;article footer&quot;,&quot;name&quot;:&quot;Mon actu&quot;,&quot;type&quot;:&quot;cta&quot;}}\" target=\"_blank\">Mon Actu<\/a>.<\/p>\n","protected":false},"excerpt":{"rendered":"Par Ludivine Caporal Publi\u00e9 le 26 oct. 2025 \u00e0 6h40 Une visite enti\u00e8re consacr\u00e9e \u00e0 l\u2019un des ph\u00e9nom\u00e8nes&hellip;\n","protected":false},"author":2,"featured_media":490549,"comment_status":"","ping_status":"","sticky":false,"template":"","format":"standard","meta":{"footnotes":""},"categories":[1889],"tags":[1111,11,2430,1777,674,1349,1011,27,1652,2428,9708,12,25],"class_list":{"0":"post-490548","1":"post","2":"type-post","3":"status-publish","4":"format-standard","5":"has-post-thumbnail","7":"category-lyon","8":"tag-actu","9":"tag-actualites","10":"tag-auvergne-rhone-alpes","11":"tag-eu","12":"tag-europe","13":"tag-expositions","14":"tag-fr","15":"tag-france","16":"tag-loisirs-culture","17":"tag-lyon","18":"tag-musee-des-confluences","19":"tag-news","20":"tag-republique-francaise"},"share_on_mastodon":{"url":"https:\/\/pubeurope.com\/@fr\/115438902479913269","error":""},"_links":{"self":[{"href":"https:\/\/www.europesays.com\/fr\/wp-json\/wp\/v2\/posts\/490548","targetHints":{"allow":["GET"]}}],"collection":[{"href":"https:\/\/www.europesays.com\/fr\/wp-json\/wp\/v2\/posts"}],"about":[{"href":"https:\/\/www.europesays.com\/fr\/wp-json\/wp\/v2\/types\/post"}],"author":[{"embeddable":true,"href":"https:\/\/www.europesays.com\/fr\/wp-json\/wp\/v2\/users\/2"}],"replies":[{"embeddable":true,"href":"https:\/\/www.europesays.com\/fr\/wp-json\/wp\/v2\/comments?post=490548"}],"version-history":[{"count":0,"href":"https:\/\/www.europesays.com\/fr\/wp-json\/wp\/v2\/posts\/490548\/revisions"}],"wp:featuredmedia":[{"embeddable":true,"href":"https:\/\/www.europesays.com\/fr\/wp-json\/wp\/v2\/media\/490549"}],"wp:attachment":[{"href":"https:\/\/www.europesays.com\/fr\/wp-json\/wp\/v2\/media?parent=490548"}],"wp:term":[{"taxonomy":"category","embeddable":true,"href":"https:\/\/www.europesays.com\/fr\/wp-json\/wp\/v2\/categories?post=490548"},{"taxonomy":"post_tag","embeddable":true,"href":"https:\/\/www.europesays.com\/fr\/wp-json\/wp\/v2\/tags?post=490548"}],"curies":[{"name":"wp","href":"https:\/\/api.w.org\/{rel}","templated":true}]}}