{"id":490554,"date":"2025-10-26T05:55:12","date_gmt":"2025-10-26T05:55:12","guid":{"rendered":"https:\/\/www.europesays.com\/fr\/490554\/"},"modified":"2025-10-26T05:55:12","modified_gmt":"2025-10-26T05:55:12","slug":"a-paris-renaissance-prefere-pierre-yves-bournazel-a-rachida-dati","status":"publish","type":"post","link":"https:\/\/www.europesays.com\/fr\/490554\/","title":{"rendered":"\u00e0 Paris, Renaissance pr\u00e9f\u00e8re Pierre-Yves Bournazel \u00e0 Rachida Dati"},"content":{"rendered":"<p>La position<strong> <\/strong>sera officialis\u00e9e mardi 28 octobre. \u00c0 l\u2019occasion d\u2019une r\u00e9union de sa commission nationale d\u2019investiture, Renaissance actera son soutien \u00e0 <a href=\"https:\/\/latribune.fr\/la-tribune-dimanche\/opinions\/opinion-le-sursaut-de-la-coalition-ou-la-chienlit-avant-le-chaos-par-pierre-yves-bournazel-candidat-a-la-mairie-de-paris-1032152.html\" target=\"_blank\" rel=\"noopener\">Pierre-Yves Bournazel<\/a>, le candidat d\u2019Horizons \u00e0 Paris, lors des <a href=\"https:\/\/latribune.fr\/la-tribune-dimanche\/politique\/municipales-2026-l-impossible-succession-d-anne-hidalgo-1027881.html\" target=\"_blank\" rel=\"noopener\">\u00e9lections municipales de mars<\/a>. Mercredi 22, le secr\u00e9taire g\u00e9n\u00e9ral du parti, Gabriel Attal, Franck Riester, qui y est en charge des \u00e9lections, \u00c9douard Philippe et Pierre-Yves Bournazel ont eu un dernier \u00e9change pour verrouiller leur alliance. La formation attaliste aura 55\u202f% des places sur les listes du candidat d\u2019Horizons et une dizaine de t\u00eates de liste sur les 17 arrondissements que compte la capitale. Elle sera associ\u00e9e \u00e0 la direction de sa campagne. Gabriel Attal s\u2019engagera lui-m\u00eame activement \u00e0 ses c\u00f4t\u00e9s d\u00e8s ces prochains jours.\u00a0<\/p>\n<p>C\u2019est au retour des vacances que les discussions entre Renaissance et Horizons ont commenc\u00e9. Jusqu\u2019\u00e0 l\u2019\u00e9t\u00e9, la formation de Gabriel Attal se pr\u00e9parait \u00e0 soutenir <a href=\"https:\/\/latribune.fr\/la-tribune-dimanche\/opinions\/opinion-pour-paris-le-temps-de-l-union-et-de-la-victoire-par-rachida-dati-ministre-de-la-culture-1031328.html\" target=\"_blank\" rel=\"noopener\">Rachida Dati<\/a>. M\u00eame si, en interne, ce choix en faveur d\u2019une \u00e9lue LR, mise en examen pour corruption et trafic d\u2019influence dans l\u2019<a href=\"https:\/\/www.latribune.fr\/economie\/france\/empetree-dans-une-affaire-de-corruption-avec-renault-rachida-dati-poursuit-le-president-du-groupe-994699.html\" target=\"_blank\" rel=\"noopener\">affaire Renault-Nissan<\/a> et clivante en raison de son style si tranch\u00e9, passait mal, Gabriel Attal \u00e9tait d\u00e9cid\u00e9 \u00e0 passer en force. Vaccin\u00e9 par le pr\u00e9c\u00e9dent calamiteux de 2020, le secr\u00e9taire g\u00e9n\u00e9ral de Renaissance \u00e9tait bien d\u00e9cid\u00e9 \u00e0 limiter les risques.<\/p>\n","protected":false},"excerpt":{"rendered":"La position sera officialis\u00e9e mardi 28 octobre. \u00c0 l\u2019occasion d\u2019une r\u00e9union de sa commission nationale d\u2019investiture, Renaissance actera&hellip;\n","protected":false},"author":2,"featured_media":490555,"comment_status":"","ping_status":"","sticky":false,"template":"","format":"standard","meta":{"footnotes":""},"categories":[1888],"tags":[17,1111,1928,11,1927,61319,33380,1777,674,1011,27,3102,3554,12,1926,626,1925,61318,26034,33379,3370,25],"class_list":{"0":"post-490554","1":"post","2":"type-post","3":"status-publish","4":"format-standard","5":"has-post-thumbnail","7":"category-paris","8":"tag-17","9":"tag-actu","10":"tag-actu-paris","11":"tag-actualites","12":"tag-actualites-paris","13":"tag-bournazel","14":"tag-dati","15":"tag-eu","16":"tag-europe","17":"tag-fr","18":"tag-france","19":"tag-la-tribune-dimanche","20":"tag-municipales","21":"tag-news","22":"tag-news-paris","23":"tag-paris","24":"tag-paris-news","25":"tag-pierre-yves","26":"tag-prefere","27":"tag-rachida","28":"tag-renaissance","29":"tag-republique-francaise"},"share_on_mastodon":{"url":"","error":""},"_links":{"self":[{"href":"https:\/\/www.europesays.com\/fr\/wp-json\/wp\/v2\/posts\/490554","targetHints":{"allow":["GET"]}}],"collection":[{"href":"https:\/\/www.europesays.com\/fr\/wp-json\/wp\/v2\/posts"}],"about":[{"href":"https:\/\/www.europesays.com\/fr\/wp-json\/wp\/v2\/types\/post"}],"author":[{"embeddable":true,"href":"https:\/\/www.europesays.com\/fr\/wp-json\/wp\/v2\/users\/2"}],"replies":[{"embeddable":true,"href":"https:\/\/www.europesays.com\/fr\/wp-json\/wp\/v2\/comments?post=490554"}],"version-history":[{"count":0,"href":"https:\/\/www.europesays.com\/fr\/wp-json\/wp\/v2\/posts\/490554\/revisions"}],"wp:featuredmedia":[{"embeddable":true,"href":"https:\/\/www.europesays.com\/fr\/wp-json\/wp\/v2\/media\/490555"}],"wp:attachment":[{"href":"https:\/\/www.europesays.com\/fr\/wp-json\/wp\/v2\/media?parent=490554"}],"wp:term":[{"taxonomy":"category","embeddable":true,"href":"https:\/\/www.europesays.com\/fr\/wp-json\/wp\/v2\/categories?post=490554"},{"taxonomy":"post_tag","embeddable":true,"href":"https:\/\/www.europesays.com\/fr\/wp-json\/wp\/v2\/tags?post=490554"}],"curies":[{"name":"wp","href":"https:\/\/api.w.org\/{rel}","templated":true}]}}