{"id":490556,"date":"2025-10-26T05:56:29","date_gmt":"2025-10-26T05:56:29","guid":{"rendered":"https:\/\/www.europesays.com\/fr\/490556\/"},"modified":"2025-10-26T05:56:29","modified_gmt":"2025-10-26T05:56:29","slug":"zyed-et-bouna-comment-oublier-20-ans-apres-les-habitants-de-clichy-toujours-marques-au-fer-rouge","status":"publish","type":"post","link":"https:\/\/www.europesays.com\/fr\/490556\/","title":{"rendered":"\u00ab\u00a0Zyed et Bouna\u2026 Comment oublier\u00a0?\u00a0\u00bb\u00a0: 20\u00a0ans apr\u00e8s, les habitants de Clichy toujours marqu\u00e9s au fer rouge"},"content":{"rendered":"<p>S\u00e9rie\u00c9pisode 4Le 27\u00a0octobre 2005, Zyed et Bouna trouvaient la mort dans un transformateur EDF \u00e0 Clichy-sous-Bois (Seine-Saint-Denis), en fuyant la police. Le point de d\u00e9part de trois semaines d\u2019\u00e9meutes dans les cit\u00e9s. Quatri\u00e8me volet de notre s\u00e9rie en cinq \u00e9pisodes\u00a0: la trace ind\u00e9l\u00e9bile laiss\u00e9e par ce drame dans le c\u0153ur des habitants.<\/p>\n<p class=\"lp-f-ui-04-strong lp-mt-03 lp-mb-01\">Par\u00a0<a href=\"https:\/\/www.leparisien.fr\/auteur\/marjorie-lenhardt\/\" class=\"lp-link lp-link--underline lp-link--text lp-link--size-ui-04-strong\" rel=\"nofollow noopener\" target=\"_blank\">Marjorie Lenhardt<\/a> et <a href=\"https:\/\/www.leparisien.fr\/auteur\/hendrick-delaire\/\" class=\"lp-link lp-link--underline lp-link--text lp-link--size-ui-04-strong\" rel=\"nofollow noopener\" target=\"_blank\">Hendrik Delaire<\/a><\/p>\n<p class=\"lp-f-ui-05 lp-color-text-muted\">Le 25 octobre 2025 \u00e0 13h00, modifi\u00e9 le 25 octobre 2025 \u00e0 13h00<\/p>\n","protected":false},"excerpt":{"rendered":"S\u00e9rie\u00c9pisode 4Le 27\u00a0octobre 2005, Zyed et Bouna trouvaient la mort dans un transformateur EDF \u00e0 Clichy-sous-Bois (Seine-Saint-Denis), en&hellip;\n","protected":false},"author":2,"featured_media":490557,"comment_status":"","ping_status":"","sticky":false,"template":"","format":"standard","meta":{"footnotes":""},"categories":[1888],"tags":[11,1777,674,118,1011,27,1944,12,626,25,1945],"class_list":{"0":"post-490556","1":"post","2":"type-post","3":"status-publish","4":"format-standard","5":"has-post-thumbnail","7":"category-paris","8":"tag-actualites","9":"tag-eu","10":"tag-europe","11":"tag-faits-divers","12":"tag-fr","13":"tag-france","14":"tag-ma-ville","15":"tag-news","16":"tag-paris","17":"tag-republique-francaise","18":"tag-seine-saint-denis"},"share_on_mastodon":{"url":"https:\/\/pubeurope.com\/@fr\/115438930317529266","error":""},"_links":{"self":[{"href":"https:\/\/www.europesays.com\/fr\/wp-json\/wp\/v2\/posts\/490556","targetHints":{"allow":["GET"]}}],"collection":[{"href":"https:\/\/www.europesays.com\/fr\/wp-json\/wp\/v2\/posts"}],"about":[{"href":"https:\/\/www.europesays.com\/fr\/wp-json\/wp\/v2\/types\/post"}],"author":[{"embeddable":true,"href":"https:\/\/www.europesays.com\/fr\/wp-json\/wp\/v2\/users\/2"}],"replies":[{"embeddable":true,"href":"https:\/\/www.europesays.com\/fr\/wp-json\/wp\/v2\/comments?post=490556"}],"version-history":[{"count":0,"href":"https:\/\/www.europesays.com\/fr\/wp-json\/wp\/v2\/posts\/490556\/revisions"}],"wp:featuredmedia":[{"embeddable":true,"href":"https:\/\/www.europesays.com\/fr\/wp-json\/wp\/v2\/media\/490557"}],"wp:attachment":[{"href":"https:\/\/www.europesays.com\/fr\/wp-json\/wp\/v2\/media?parent=490556"}],"wp:term":[{"taxonomy":"category","embeddable":true,"href":"https:\/\/www.europesays.com\/fr\/wp-json\/wp\/v2\/categories?post=490556"},{"taxonomy":"post_tag","embeddable":true,"href":"https:\/\/www.europesays.com\/fr\/wp-json\/wp\/v2\/tags?post=490556"}],"curies":[{"name":"wp","href":"https:\/\/api.w.org\/{rel}","templated":true}]}}