{"id":490558,"date":"2025-10-26T05:57:15","date_gmt":"2025-10-26T05:57:15","guid":{"rendered":"https:\/\/www.europesays.com\/fr\/490558\/"},"modified":"2025-10-26T05:57:15","modified_gmt":"2025-10-26T05:57:15","slug":"chalon-sur-saone-paris-basketball-a-quelle-heure-et-sur-quelle-chaine-tv-voir-le-match-de-betclic-elite","status":"publish","type":"post","link":"https:\/\/www.europesays.com\/fr\/490558\/","title":{"rendered":"Chalon-sur-Sa\u00f4ne &#8211; Paris Basketball\u00a0: \u00e0 quelle heure et sur quelle cha\u00eene TV voir le match de Betclic \u00c9lite\u00a0?"},"content":{"rendered":"<p class=\"paragraph text_align_left lp-f-body-02\">L\u2019un joue le milieu de tableau et l\u2019autre joue le titre. Pourtant, en ce d\u00e9but de saison, les deux \u00e9quipes ont le m\u00eame bilan : 2 victoires et 2 d\u00e9faites. Cette affiche en cl\u00f4ture de la 5e Journ\u00e9e de <a href=\"https:\/\/www.leparisien.fr\/sports\/basket\/\" target=\"_self\" rel=\"nofollow noopener\">Betclic \u00c9lite<\/a> d\u00e9partagera donc Chalon-sur-Sa\u00f4ne du <a href=\"https:\/\/www.leparisien.fr\/sports\/\" target=\"_blank\" rel=\"noreferrer nofollow noopener\">Paris Basketball<\/a>.<\/p>\n<p class=\"paragraph text_align_left lp-f-body-02\">Les Parisiens ne sont pas l\u00e0 o\u00f9 ils l\u2019auraient imagin\u00e9 en ce d\u00e9but d\u2019exercice 2025-2026. Seulement septi\u00e8mes, ils peuvent n\u00e9anmoins inverser la tendance d\u00e8s ce dimanche soir. La victoire contre Dijon a fait du bien (97-92) apr\u00e8s une cruelle d\u00e9faite contre <a href=\"https:\/\/www.leparisien.fr\/sports\/basket\/paris-basketball-hapoel-tel-aviv-88-89-malgre-des-craintes-pour-la-securite-la-soiree-se-deroule-dans-le-calme-17-10-2025-5TNG5R7PCVB55FKGDHV2KVXDVM.php\" target=\"_blank\" rel=\"nofollow noopener\">l\u2019Hapo\u00ebl Tel-Aviv en Euroligue (88-89)<\/a>.<\/p>\n<p class=\"paragraph text_align_left lp-f-body-02\">Quelques jours avant, dans le premier choc de la saison, les hommes de Francesco Tabellini s\u2019\u00e9taient inclin\u00e9s \u00e0 domicile <a href=\"https:\/\/www.leparisien.fr\/sports\/basket\/paris-basketball-monaco-94-99-les-monegasques-raflent-la-premiere-manche-du-nouveau-clasico-du-basket-12-10-2025-DMAPBDYN6FC3JPBMYDCEEOLMA4.php\" target=\"_self\" rel=\"nofollow noopener\">contre Monaco (94-99)<\/a>. Il faudra aussi se m\u00e9fier de Chalon-sur-Sa\u00f4ne, car c\u2019est bien la seule \u00e9quipe qui a fait d\u00e9jouer les Mon\u00e9gasques, sur le Rocher qui plus est (99-104).<\/p>\n<p class=\"paragraph text_align_left lp-f-body-02\"><b>L\u2019entre-deux de cette rencontre de la 5e Journ\u00e9e de Betclic \u00c9lite sera siffl\u00e9 \u00e0 19 heures au Colis\u00e9e de Chalon-sur-Sa\u00f4ne. Le match sera \u00e0 suivre \u00e0 la t\u00e9l\u00e9vision sur La cha\u00eene L\u2019\u00c9quipe et DAZN.<\/b><\/p>\n","protected":false},"excerpt":{"rendered":"L\u2019un joue le milieu de tableau et l\u2019autre joue le titre. Pourtant, en ce d\u00e9but de saison, les&hellip;\n","protected":false},"author":2,"featured_media":490559,"comment_status":"","ping_status":"","sticky":false,"template":"","format":"standard","meta":{"footnotes":""},"categories":[1888],"tags":[11,1465,1777,674,1011,27,12,626,25,60],"class_list":{"0":"post-490558","1":"post","2":"type-post","3":"status-publish","4":"format-standard","5":"has-post-thumbnail","7":"category-paris","8":"tag-actualites","9":"tag-basket","10":"tag-eu","11":"tag-europe","12":"tag-fr","13":"tag-france","14":"tag-news","15":"tag-paris","16":"tag-republique-francaise","17":"tag-sports"},"share_on_mastodon":{"url":"https:\/\/pubeurope.com\/@fr\/115438934070697640","error":""},"_links":{"self":[{"href":"https:\/\/www.europesays.com\/fr\/wp-json\/wp\/v2\/posts\/490558","targetHints":{"allow":["GET"]}}],"collection":[{"href":"https:\/\/www.europesays.com\/fr\/wp-json\/wp\/v2\/posts"}],"about":[{"href":"https:\/\/www.europesays.com\/fr\/wp-json\/wp\/v2\/types\/post"}],"author":[{"embeddable":true,"href":"https:\/\/www.europesays.com\/fr\/wp-json\/wp\/v2\/users\/2"}],"replies":[{"embeddable":true,"href":"https:\/\/www.europesays.com\/fr\/wp-json\/wp\/v2\/comments?post=490558"}],"version-history":[{"count":0,"href":"https:\/\/www.europesays.com\/fr\/wp-json\/wp\/v2\/posts\/490558\/revisions"}],"wp:featuredmedia":[{"embeddable":true,"href":"https:\/\/www.europesays.com\/fr\/wp-json\/wp\/v2\/media\/490559"}],"wp:attachment":[{"href":"https:\/\/www.europesays.com\/fr\/wp-json\/wp\/v2\/media?parent=490558"}],"wp:term":[{"taxonomy":"category","embeddable":true,"href":"https:\/\/www.europesays.com\/fr\/wp-json\/wp\/v2\/categories?post=490558"},{"taxonomy":"post_tag","embeddable":true,"href":"https:\/\/www.europesays.com\/fr\/wp-json\/wp\/v2\/tags?post=490558"}],"curies":[{"name":"wp","href":"https:\/\/api.w.org\/{rel}","templated":true}]}}