{"id":490563,"date":"2025-10-26T06:00:12","date_gmt":"2025-10-26T06:00:12","guid":{"rendered":"https:\/\/www.europesays.com\/fr\/490563\/"},"modified":"2025-10-26T06:00:12","modified_gmt":"2025-10-26T06:00:12","slug":"la-maison-dior-parie-sur-les-etats-unis","status":"publish","type":"post","link":"https:\/\/www.europesays.com\/fr\/490563\/","title":{"rendered":"La maison Dior parie sur les \u00c9tats-Unis"},"content":{"rendered":"<p>En janvier prochain, Delphine Arnault f\u00eatera ses trois ans \u00e0 la t\u00eate de Christian Dior Couture. L\u2019a\u00een\u00e9e des enfants du PDG de <a href=\"https:\/\/www.latribune.fr\/entreprises-finance\/industrie\/agroalimentaire-biens-de-consommation-luxe\/luxe-les-resultats-de-lvmh-geant-du-secteur-attendus-au-tournant-988735.html\" target=\"_blank\" rel=\"nofollow noopener\">LVMH<\/a> (et sa seule fille) a mis en place ces derniers mois une nouvelle organisation au sein de la deuxi\u00e8me maison, derri\u00e8re Louis Vuitton, du num\u00e9ro un mondial du luxe (84,7\u202fmilliards d\u2019euros de chiffre d\u2019affaires en 2024).<\/p>\n<p>L\u2019annonce la plus spectaculaire \u2013\u202fet la plus d\u00e9cisive pour l\u2019avenir de la marque cr\u00e9\u00e9e en 1946, avant d\u2019\u00eatre rachet\u00e9e par <a href=\"https:\/\/www.latribune.fr\/article\/economie\/france\/1200228529215914\/taxe-zucman-bernard-arnault-denonce-une-volonte-de-mettre-a-terre-l-economie-francaise\" target=\"_blank\" rel=\"nofollow noopener\">Bernard Arnault<\/a> en 1984\u202f\u2013 reste la nomination en mars\u202f2025 d\u2019un unique directeur artistique pour toutes les activit\u00e9s de Dior\u2009: haute couture, pr\u00eat-\u00e0-porter f\u00e9minin et masculin, accessoires et souliers. Une premi\u00e8re depuis le r\u00f4le tenu par Christian Dior lui-m\u00eame.\u00a0<\/p>\n<p>N\u00e9 en Irlande du Nord, fils d\u2019un ancien capitaine de l\u2019\u00e9quipe nationale de rugby et d\u2019une enseignante, Jonathan Anderson, 41\u202fans, avait \u00e9t\u00e9 rep\u00e9r\u00e9 d\u00e8s 2013 par Delphine et Bernard Arnault, qui avaient alors investi dans le label personnel du designer. Avant de le nommer \u00e0 la t\u00eate de Loewe, une autre filiale du groupe, \u00e0 l\u2019\u00e9poque en d\u00e9clin.<\/p>\n","protected":false},"excerpt":{"rendered":"En janvier prochain, Delphine Arnault f\u00eatera ses trois ans \u00e0 la t\u00eate de Christian Dior Couture. L\u2019a\u00een\u00e9e des&hellip;\n","protected":false},"author":2,"featured_media":490564,"comment_status":"","ping_status":"","sticky":false,"template":"","format":"standard","meta":{"footnotes":""},"categories":[1589],"tags":[17,11,21472,73,1866,4743,3102,2142,12,41902,1864,1865,1863,308],"class_list":{"0":"post-490563","1":"post","2":"type-post","3":"status-publish","4":"format-standard","5":"has-post-thumbnail","7":"category-etats-unis","8":"tag-17","9":"tag-actualites","10":"tag-dior","11":"tag-etats-unis","12":"tag-etats-unis-damerique","13":"tag-la","14":"tag-la-tribune-dimanche","15":"tag-maison","16":"tag-news","17":"tag-parie","18":"tag-united-states","19":"tag-united-states-of-america","20":"tag-us","21":"tag-usa"},"share_on_mastodon":{"url":"","error":""},"_links":{"self":[{"href":"https:\/\/www.europesays.com\/fr\/wp-json\/wp\/v2\/posts\/490563","targetHints":{"allow":["GET"]}}],"collection":[{"href":"https:\/\/www.europesays.com\/fr\/wp-json\/wp\/v2\/posts"}],"about":[{"href":"https:\/\/www.europesays.com\/fr\/wp-json\/wp\/v2\/types\/post"}],"author":[{"embeddable":true,"href":"https:\/\/www.europesays.com\/fr\/wp-json\/wp\/v2\/users\/2"}],"replies":[{"embeddable":true,"href":"https:\/\/www.europesays.com\/fr\/wp-json\/wp\/v2\/comments?post=490563"}],"version-history":[{"count":0,"href":"https:\/\/www.europesays.com\/fr\/wp-json\/wp\/v2\/posts\/490563\/revisions"}],"wp:featuredmedia":[{"embeddable":true,"href":"https:\/\/www.europesays.com\/fr\/wp-json\/wp\/v2\/media\/490564"}],"wp:attachment":[{"href":"https:\/\/www.europesays.com\/fr\/wp-json\/wp\/v2\/media?parent=490563"}],"wp:term":[{"taxonomy":"category","embeddable":true,"href":"https:\/\/www.europesays.com\/fr\/wp-json\/wp\/v2\/categories?post=490563"},{"taxonomy":"post_tag","embeddable":true,"href":"https:\/\/www.europesays.com\/fr\/wp-json\/wp\/v2\/tags?post=490563"}],"curies":[{"name":"wp","href":"https:\/\/api.w.org\/{rel}","templated":true}]}}