{"id":490567,"date":"2025-10-26T06:02:14","date_gmt":"2025-10-26T06:02:14","guid":{"rendered":"https:\/\/www.europesays.com\/fr\/490567\/"},"modified":"2025-10-26T06:02:14","modified_gmt":"2025-10-26T06:02:14","slug":"le-prix-de-largent-flambe-lallemagne-suspend-lemission-de-pieces-commemoratives","status":"publish","type":"post","link":"https:\/\/www.europesays.com\/fr\/490567\/","title":{"rendered":"Le prix de l&rsquo;argent flambe, l&rsquo;Allemagne suspend l&rsquo;\u00e9mission de pi\u00e8ces comm\u00e9moratives"},"content":{"rendered":"<p> Le <a class=\"data-link\" data-org-href=\"https:\/\/www.vietnam.vn\/authors\/www-mpi-gov-vn\" href=\"https:\/\/www.vietnam.vn\/authors\/www-mpi-gov-vn\" title=\"minist\u00e8re des Finances\" target=\"_blank\" rel=\"noopener\">minist\u00e8re allemand des Finances<\/a> a d\u00e9clar\u00e9 que l&rsquo;\u00e9mission de nouvelles pi\u00e8ces d&rsquo;argent n&rsquo;\u00e9tait actuellement pas envisageable, car la forte hausse des prix de l&rsquo;argent a rendu la valeur du m\u00e9tal des pi\u00e8ces de 20 et 25 euros nettement sup\u00e9rieure \u00e0 leur valeur nominale.<\/p>\n<p> Les experts affirment que la \u00ab\u00a0fi\u00e8vre de l&rsquo;argent\u00a0\u00bb a rendu l&rsquo;\u00e9mission de ces pi\u00e8ces non rentable, voire pr\u00e9judiciable au budget f\u00e9d\u00e9ral. Par cons\u00e9quent, l&rsquo;\u00e9mission des pi\u00e8ces de collection intitul\u00e9es \u00ab\u00a0Trois Sages\u00a0\u00bb et \u00ab\u00a0Comm\u00e9moration des 125\u00a0ans du train suspendu de Wuppertal\u00a0\u00bb ( <a class=\"data-link\" data-org-href=\"https:\/\/www.vietnam.vn\/category\/the-gioi\" href=\"https:\/\/www.vietnam.vn\/category\/the-gioi\" title=\"monde\" target=\"_blank\" rel=\"noopener\">le plus ancien et le seul syst\u00e8me ferroviaire a\u00e9rien suspendu au monde<\/a> encore en service) sera suspendue.<\/p>\n<p> La pi\u00e8ce de Wuppertal devait initialement \u00eatre \u00e9mise en 2026, date \u00e0 laquelle le c\u00e9l\u00e8bre funiculaire aurait \u00e9t\u00e9 en service pendant 125 ans. Le motif annonc\u00e9 pr\u00e9c\u00e9demment repr\u00e9sentait un aigle entour\u00e9 d&rsquo;\u00e9toiles \u00e0 l&rsquo;avers, tandis que le revers repr\u00e9sentait le l\u00e9gendaire funiculaire avec un petit \u00e9l\u00e9phant, Tuffi, sur la tranche. Ces d\u00e9tails \u00e9taient un clin d&rsquo;\u0153il \u00e0 l&rsquo;incident de 1950, lorsque l&rsquo;\u00e9l\u00e9phant est tomb\u00e9 d&rsquo;un funiculaire lors d&rsquo;un spectacle de cirque.<\/p>\n<p> Le prix de l&rsquo;argent a augment\u00e9 d&rsquo;environ 60 % depuis d\u00e9but 2025 \u2013 une hausse moins marqu\u00e9e que celle de l&rsquo;or, mais n\u00e9anmoins significative. Dans un contexte d&rsquo;incertitude <a class=\"data-link\" data-org-href=\"https:\/\/www.vietnam.vn\/category\/kinh-te\" href=\"https:\/\/www.vietnam.vn\/category\/kinh-te\" title=\"\u00e9conomie\" target=\"_blank\" rel=\"noopener\">\u00e9conomique<\/a> mondiale, l&rsquo;argent et l&rsquo;or sont consid\u00e9r\u00e9s comme des valeurs refuges, ce qui a entra\u00een\u00e9 une flamb\u00e9e des prix. L&rsquo;engouement pour les m\u00e9taux pr\u00e9cieux a attir\u00e9 non seulement les \u00e9pargnants et les investisseurs, mais aussi les sp\u00e9culateurs.<\/p>\n<p> On ne sait pas encore si les deux pi\u00e8ces seront \u00e9mises ult\u00e9rieurement ou si elles seront purement et simplement abandonn\u00e9es. Le minist\u00e8re allemand des Finances a indiqu\u00e9 qu&rsquo;il \u00ab\u00a0\u00e9tudiait les options pour une \u00e9mission ult\u00e9rieure, \u00e9ventuellement avec des ajustements aux sp\u00e9cifications techniques\u00a0\u00bb. <\/p>\n<p class=\"mb-0\"> Source: https:\/\/vtv.vn\/gia-bac-tang-cao-duc-tam-dung-phat-hanh-tien-xu-ky-niem-100251026095532754.htm<\/p>\n","protected":false},"excerpt":{"rendered":"Le minist\u00e8re allemand des Finances a d\u00e9clar\u00e9 que l&rsquo;\u00e9mission de nouvelles pi\u00e8ces d&rsquo;argent n&rsquo;\u00e9tait actuellement pas envisageable, car&hellip;\n","protected":false},"author":2,"featured_media":490568,"comment_status":"","ping_status":"","sticky":false,"template":"","format":"standard","meta":{"footnotes":""},"categories":[1587],"tags":[11,672,1804,1805,1803,1777,674,1801,2805,61320,12,1802],"class_list":{"0":"post-490567","1":"post","2":"type-post","3":"status-publish","4":"format-standard","5":"has-post-thumbnail","7":"category-allemagne","8":"tag-actualites","9":"tag-allemagne","10":"tag-bundesrepublik-deutschland","11":"tag-de","12":"tag-deutschland","13":"tag-eu","14":"tag-europe","15":"tag-germany","16":"tag-investisseurs","17":"tag-ministere-des-finances","18":"tag-news","19":"tag-republique-federale-dallemagne"},"share_on_mastodon":{"url":"https:\/\/pubeurope.com\/@fr\/115438953647344108","error":""},"_links":{"self":[{"href":"https:\/\/www.europesays.com\/fr\/wp-json\/wp\/v2\/posts\/490567","targetHints":{"allow":["GET"]}}],"collection":[{"href":"https:\/\/www.europesays.com\/fr\/wp-json\/wp\/v2\/posts"}],"about":[{"href":"https:\/\/www.europesays.com\/fr\/wp-json\/wp\/v2\/types\/post"}],"author":[{"embeddable":true,"href":"https:\/\/www.europesays.com\/fr\/wp-json\/wp\/v2\/users\/2"}],"replies":[{"embeddable":true,"href":"https:\/\/www.europesays.com\/fr\/wp-json\/wp\/v2\/comments?post=490567"}],"version-history":[{"count":0,"href":"https:\/\/www.europesays.com\/fr\/wp-json\/wp\/v2\/posts\/490567\/revisions"}],"wp:featuredmedia":[{"embeddable":true,"href":"https:\/\/www.europesays.com\/fr\/wp-json\/wp\/v2\/media\/490568"}],"wp:attachment":[{"href":"https:\/\/www.europesays.com\/fr\/wp-json\/wp\/v2\/media?parent=490567"}],"wp:term":[{"taxonomy":"category","embeddable":true,"href":"https:\/\/www.europesays.com\/fr\/wp-json\/wp\/v2\/categories?post=490567"},{"taxonomy":"post_tag","embeddable":true,"href":"https:\/\/www.europesays.com\/fr\/wp-json\/wp\/v2\/tags?post=490567"}],"curies":[{"name":"wp","href":"https:\/\/api.w.org\/{rel}","templated":true}]}}