{"id":490575,"date":"2025-10-26T06:07:52","date_gmt":"2025-10-26T06:07:52","guid":{"rendered":"https:\/\/www.europesays.com\/fr\/490575\/"},"modified":"2025-10-26T06:07:52","modified_gmt":"2025-10-26T06:07:52","slug":"ici-on-pleure-de-joie-pour-un-tramway-alors-quil-fonctionne-mal-liberation","status":"publish","type":"post","link":"https:\/\/www.europesays.com\/fr\/490575\/","title":{"rendered":"\u00abIci, on pleure de joie pour un tramway, alors qu\u2019il fonctionne mal\u00bb \u2013 Lib\u00e9ration"},"content":{"rendered":"<p class=\"sc-cPiKLX AiZTS text-element\">\u00abLes \u00e9meutes ? Elles ont permis de mettre un coup de projecteur sur une r\u00e9alit\u00e9 d\u00e9nonc\u00e9e depuis longtemps. Des logements pourris, pas de gare, pas de piscine, pas de cin\u00e9ma.\u00bb Samia, 40 ans, habite Paris, mais elle a v\u00e9cu la premi\u00e8re moiti\u00e9 de sa vie \u00e0 Clichy-sous-Bois (Seine-Saint-Denis). \u00abQuand j\u2019\u00e9tais au coll\u00e8ge, on n\u2019a pas eu cours pendant deux mois. Les profs d\u00e9non\u00e7aient d\u00e9j\u00e0 leurs conditions de travail. Mais personne ne les \u00e9coutait.\u00bb Elle est partie de Clichy en 2006. Un an apr\u00e8s <a href=\"https:\/\/www.liberation.fr\/societe\/2015\/05\/18\/zyed-et-bouna-dix-ans-apres-enfin-le-verdict_1311506\/\" target=\"_blank\" rel=\"noreferrer nofollow noopener\" title=\"https:\/\/www.liberation.fr\/societe\/2015\/05\/18\/zyed-et-bouna-dix-ans-apres-enfin-le-verdict_1311506\/\">la mort de Zyed Benna et de Bouna Traor\u00e9<\/a>, \u00e9lectrocut\u00e9s dans le transformateur \u00e9lectrique de la ville apr\u00e8s avoir \u00e9t\u00e9 poursuivis par la police. Ils \u00e9taient \u00e2g\u00e9s de 17 et 15 ans. <\/p>\n<p class=\"sc-cPiKLX AiZTS text-element\">Les jours de col\u00e8re ont mis la r\u00e9alit\u00e9 de Clichy-sous-Bois en pleine lumi\u00e8re. Les grands ensembles d\u00e9grad\u00e9s, le manque d\u2019\u00e9quipements et l\u2019enclavement de la commune (\u00e0 15 kilom\u00e8tres de Paris, mais \u00e0 1 h 30 de transports en commun) sautent alors au visage. Vingt ans plus tard : la moiti\u00e9 de la ville est concern\u00e9e par une op\u00e9ration de renouvellement urbain. L\u2019investissement public se compte en centaines de millions d\u2019euros. Les grues et les pelleteuses sont partout. Les politiques coupent \u00e0 foison les rubans d\u2019inauguration. La ville de 30 000 habitants es <\/p>\n","protected":false},"excerpt":{"rendered":"\u00abLes \u00e9meutes ? Elles ont permis de mettre un coup de projecteur sur une r\u00e9alit\u00e9 d\u00e9nonc\u00e9e depuis longtemps.&hellip;\n","protected":false},"author":2,"featured_media":490576,"comment_status":"","ping_status":"","sticky":false,"template":"","format":"standard","meta":{"footnotes":""},"categories":[2],"tags":[11,30572,1011,27,30482,12,10181,25,61321],"class_list":{"0":"post-490575","1":"post","2":"type-post","3":"status-publish","4":"format-standard","5":"has-post-thumbnail","7":"category-actualites","8":"tag-actualites","9":"tag-clichy","10":"tag-fr","11":"tag-france","12":"tag-inegalites-sociales","13":"tag-news","14":"tag-precarite","15":"tag-republique-francaise","16":"tag-vingt-ans-apres-la-mort-de-zyed-et-bouna"},"share_on_mastodon":{"url":"https:\/\/pubeurope.com\/@fr\/115438977217491346","error":""},"_links":{"self":[{"href":"https:\/\/www.europesays.com\/fr\/wp-json\/wp\/v2\/posts\/490575","targetHints":{"allow":["GET"]}}],"collection":[{"href":"https:\/\/www.europesays.com\/fr\/wp-json\/wp\/v2\/posts"}],"about":[{"href":"https:\/\/www.europesays.com\/fr\/wp-json\/wp\/v2\/types\/post"}],"author":[{"embeddable":true,"href":"https:\/\/www.europesays.com\/fr\/wp-json\/wp\/v2\/users\/2"}],"replies":[{"embeddable":true,"href":"https:\/\/www.europesays.com\/fr\/wp-json\/wp\/v2\/comments?post=490575"}],"version-history":[{"count":0,"href":"https:\/\/www.europesays.com\/fr\/wp-json\/wp\/v2\/posts\/490575\/revisions"}],"wp:featuredmedia":[{"embeddable":true,"href":"https:\/\/www.europesays.com\/fr\/wp-json\/wp\/v2\/media\/490576"}],"wp:attachment":[{"href":"https:\/\/www.europesays.com\/fr\/wp-json\/wp\/v2\/media?parent=490575"}],"wp:term":[{"taxonomy":"category","embeddable":true,"href":"https:\/\/www.europesays.com\/fr\/wp-json\/wp\/v2\/categories?post=490575"},{"taxonomy":"post_tag","embeddable":true,"href":"https:\/\/www.europesays.com\/fr\/wp-json\/wp\/v2\/tags?post=490575"}],"curies":[{"name":"wp","href":"https:\/\/api.w.org\/{rel}","templated":true}]}}