{"id":490577,"date":"2025-10-26T06:09:13","date_gmt":"2025-10-26T06:09:13","guid":{"rendered":"https:\/\/www.europesays.com\/fr\/490577\/"},"modified":"2025-10-26T06:09:13","modified_gmt":"2025-10-26T06:09:13","slug":"la-france-cette-famille-aristocratique","status":"publish","type":"post","link":"https:\/\/www.europesays.com\/fr\/490577\/","title":{"rendered":"La France, cette famille aristocratique"},"content":{"rendered":"\n<p>Chers lectrices et lecteurs,<\/p>\n<p>Nous voil\u00e0 au J1 de l\u2019heure d\u2019hiver. Nous esp\u00e9rons que vous avez bien profit\u00e9 de votre heure de sommeil en plus, histoire de vous refaire une sant\u00e9 apr\u00e8s une nouvelle semaine \u00e9reintante. Cette derni\u00e8re \u00e9tait d\u2019ailleurs \u00e9tonnamment calme du c\u00f4t\u00e9 du gouvernement dit \u201cde la derni\u00e8re chance\u201d. Mais gr\u00e2ce aux quatre individus disparus dans la nature apr\u00e8s avoir d\u00e9trouss\u00e9 le plus grand mus\u00e9e du monde, et un ex-pr\u00e9sident qui a commenc\u00e9 son parcours de \u201cjusticiable comme un autre\u201d, les journaux \u00e9trangers, vacances de la Toussaint ou pas, regorgeaient quand m\u00eame d\u2019articles sur l\u2019actualit\u00e9 de l\u2019Hexagone.<\/p>\n<p>Nicolas Sarkozy, comme \u00e0 son habitude, a d\u00e9clench\u00e9 une v\u00e9ritable avalanche de commentaires. L\u2019ancien chef de l\u2019\u00c9tat, sans doute \u201cle d\u00e9tenu le plus soutenu de l\u2019Hexagone\u201d, <a href=\"https:\/\/www.courrierinternational.com\/article\/vu-de-l-etranger-nicolas-sarkozy-le-prisonnier-le-plus-soutenu-de-france_236537\" rel=\"nofollow noopener\" target=\"_blank\">observait la presse<\/a> le jour de son incarc\u00e9ration mardi, dort d\u00e9sormais \u00e0 la Sant\u00e9. Un \u00e9v\u00e9nement qu\u2019un journal guin\u00e9en c\u00e9l\u00e9brait tout de m\u00eame comme<a href=\"https:\/\/www.courrierinternational.com\/article\/vu-de-guinee-sarkozy-en-prison-une-forme-de-justice-morale-pour-de-nombreux-africains_236529\" rel=\"nofollow noopener\" target=\"_blank\"> \u201cune forme de justice morale pour de nombreux Africains\u201d<\/a>. Mais un \u00e9v\u00e9nement dont la copieuse mise en sc\u00e8ne \u00e9tait de trop pour d\u2019autres (\u00e0 ce sujet, lisez les commentaires que <a href=\"https:\/\/www.courrierinternational.com\/article\/interview-sarkozy-joue-le-heros-tragique-et-certains-medias-tombent-dans-le-piege_236632\" rel=\"nofollow noopener\" target=\"_blank\">nous a laiss\u00e9s la journaliste allemande Annika Joeres ici<\/a>).<\/p>\n<p>Le choc de voir le Louvre cambriol\u00e9 avec une facilit\u00e9 en apparence d\u00e9concertante a r\u00e9sonn\u00e9 dans de nombreux pays. Fa<\/p>\n","protected":false},"excerpt":{"rendered":"Chers lectrices et lecteurs, Nous voil\u00e0 au J1 de l\u2019heure d\u2019hiver. Nous esp\u00e9rons que vous avez bien profit\u00e9&hellip;\n","protected":false},"author":2,"featured_media":229814,"comment_status":"","ping_status":"","sticky":false,"template":"","format":"standard","meta":{"footnotes":""},"categories":[4],"tags":[11,674,1011,27,3821,12,25,36828],"class_list":{"0":"post-490577","1":"post","2":"type-post","3":"status-publish","4":"format-standard","5":"has-post-thumbnail","7":"category-france","8":"tag-actualites","9":"tag-europe","10":"tag-fr","11":"tag-france","12":"tag-la-france-vue-de-lu2019u00e9tranger","13":"tag-news","14":"tag-republique-francaise","15":"tag-sacru00e9s-franu00e7ais"},"share_on_mastodon":{"url":"https:\/\/pubeurope.com\/@fr\/115438981164101660","error":""},"_links":{"self":[{"href":"https:\/\/www.europesays.com\/fr\/wp-json\/wp\/v2\/posts\/490577","targetHints":{"allow":["GET"]}}],"collection":[{"href":"https:\/\/www.europesays.com\/fr\/wp-json\/wp\/v2\/posts"}],"about":[{"href":"https:\/\/www.europesays.com\/fr\/wp-json\/wp\/v2\/types\/post"}],"author":[{"embeddable":true,"href":"https:\/\/www.europesays.com\/fr\/wp-json\/wp\/v2\/users\/2"}],"replies":[{"embeddable":true,"href":"https:\/\/www.europesays.com\/fr\/wp-json\/wp\/v2\/comments?post=490577"}],"version-history":[{"count":0,"href":"https:\/\/www.europesays.com\/fr\/wp-json\/wp\/v2\/posts\/490577\/revisions"}],"wp:featuredmedia":[{"embeddable":true,"href":"https:\/\/www.europesays.com\/fr\/wp-json\/wp\/v2\/media\/229814"}],"wp:attachment":[{"href":"https:\/\/www.europesays.com\/fr\/wp-json\/wp\/v2\/media?parent=490577"}],"wp:term":[{"taxonomy":"category","embeddable":true,"href":"https:\/\/www.europesays.com\/fr\/wp-json\/wp\/v2\/categories?post=490577"},{"taxonomy":"post_tag","embeddable":true,"href":"https:\/\/www.europesays.com\/fr\/wp-json\/wp\/v2\/tags?post=490577"}],"curies":[{"name":"wp","href":"https:\/\/api.w.org\/{rel}","templated":true}]}}