{"id":490580,"date":"2025-10-26T06:13:14","date_gmt":"2025-10-26T06:13:14","guid":{"rendered":"https:\/\/www.europesays.com\/fr\/490580\/"},"modified":"2025-10-26T06:13:14","modified_gmt":"2025-10-26T06:13:14","slug":"je-veux-voir-comment-mon-corps-va-repondre","status":"publish","type":"post","link":"https:\/\/www.europesays.com\/fr\/490580\/","title":{"rendered":"\u00ab Je veux voir comment mon corps va r\u00e9pondre \u00bb"},"content":{"rendered":"<p>                <img decoding=\"async\" src=\"https:\/\/www.europesays.com\/fr\/wp-content\/uploads\/2025\/10\/lXtg.jpg\" fetchpriority=\"high\" alt=\"Dimitrov se confie avant son retour \u00e0 Paris : \u00ab Je veux voir comment mon corps va r\u00e9pondre \u00bb\"\/><\/p>\n<p>Le Bulgare a choisi de rejouer \u00e0 Paris malgr\u00e9 les doutes. Trois mois apr\u00e8s sa blessure, il explique pourquoi ce tournoi repr\u00e9sente pour lui bien plus qu\u2019un simple retour \u00e0 la comp\u00e9tition.<\/p>\n<p>Un peu plus de trois mois apr\u00e8s son abandon malheureux \u00e0 Wimbledon, Grigor Dimitrov va retrouver la comp\u00e9tition lors du Rolex Paris Masters, un tournoi dont il a \u00e9t\u00e9 finaliste il y a deux ans.<\/p>\n<p><strong>Le Bulgare, qui aurait pu tirer un trait sur cette fin de saison, a reconnu vouloir se tester avant de pr\u00e9parer 2026.<\/strong><\/p>\n<p>\u00ab Il y a beaucoup de sentiments positifs, d\u2019autres un peu plus mitig\u00e9s, mais c\u2019est sympa d\u2019\u00eatre de retour avec les gars et de recommencer \u00e0 se d\u00e9fier les uns les autres.<\/p>\n<p>Jusque-l\u00e0, la semaine a \u00e9t\u00e9 bonne pour moi, j\u2019ai essay\u00e9 de passer autant d\u2019heures que possible sur le court parce que c\u2019est ce dont j\u2019avais envie. J\u2019ai toujours aim\u00e9 ces tournois de fin de saison.<\/p>\n<p>Bien \u00e9videmment, le but est de revenir \u00e0 fond l\u2019ann\u00e9e prochaine, mais c\u2019est un d\u00e9fi sympa pour voir comment mon corps va r\u00e9pondre.<\/p>\n<p>J\u2019essaye de ne pas trop cogiter et d\u2019\u00eatre prudent avec moi-m\u00eame, avec mon corps. Je dois me tester pour voir ce qu\u2019il y a \u00e0 travailler en vue de la saison prochaine. \u00bb, a-t-il confi\u00e9 pour le site de l&rsquo;ATP.<\/p>\n<p>Pour sa reprise, le tirage au sort ne lui a pas fait de cadeau : Dimitrov affrontera d\u00e8s le premier tour Giovanni Mpetshi Perricard. Il devra rapidement retrouver son meilleur niveau pour venir \u00e0 bout du Fran\u00e7ais et de son service explosif.<\/p>\n","protected":false},"excerpt":{"rendered":"Le Bulgare a choisi de rejouer \u00e0 Paris malgr\u00e9 les doutes. Trois mois apr\u00e8s sa blessure, il explique&hellip;\n","protected":false},"author":2,"featured_media":490581,"comment_status":"","ping_status":"","sticky":false,"template":"","format":"standard","meta":{"footnotes":""},"categories":[1415],"tags":[1011,27,60,1467],"class_list":{"0":"post-490580","1":"post","2":"type-post","3":"status-publish","4":"format-standard","5":"has-post-thumbnail","7":"category-tennis","8":"tag-fr","9":"tag-france","10":"tag-sports","11":"tag-tennis"},"share_on_mastodon":{"url":"https:\/\/pubeurope.com\/@fr\/115438997958151184","error":""},"_links":{"self":[{"href":"https:\/\/www.europesays.com\/fr\/wp-json\/wp\/v2\/posts\/490580","targetHints":{"allow":["GET"]}}],"collection":[{"href":"https:\/\/www.europesays.com\/fr\/wp-json\/wp\/v2\/posts"}],"about":[{"href":"https:\/\/www.europesays.com\/fr\/wp-json\/wp\/v2\/types\/post"}],"author":[{"embeddable":true,"href":"https:\/\/www.europesays.com\/fr\/wp-json\/wp\/v2\/users\/2"}],"replies":[{"embeddable":true,"href":"https:\/\/www.europesays.com\/fr\/wp-json\/wp\/v2\/comments?post=490580"}],"version-history":[{"count":0,"href":"https:\/\/www.europesays.com\/fr\/wp-json\/wp\/v2\/posts\/490580\/revisions"}],"wp:featuredmedia":[{"embeddable":true,"href":"https:\/\/www.europesays.com\/fr\/wp-json\/wp\/v2\/media\/490581"}],"wp:attachment":[{"href":"https:\/\/www.europesays.com\/fr\/wp-json\/wp\/v2\/media?parent=490580"}],"wp:term":[{"taxonomy":"category","embeddable":true,"href":"https:\/\/www.europesays.com\/fr\/wp-json\/wp\/v2\/categories?post=490580"},{"taxonomy":"post_tag","embeddable":true,"href":"https:\/\/www.europesays.com\/fr\/wp-json\/wp\/v2\/tags?post=490580"}],"curies":[{"name":"wp","href":"https:\/\/api.w.org\/{rel}","templated":true}]}}