{"id":490582,"date":"2025-10-26T06:17:21","date_gmt":"2025-10-26T06:17:21","guid":{"rendered":"https:\/\/www.europesays.com\/fr\/490582\/"},"modified":"2025-10-26T06:17:21","modified_gmt":"2025-10-26T06:17:21","slug":"cyclo-cross-de-fleurie-antony-chamerat-dumont-1er-actualite","status":"publish","type":"post","link":"https:\/\/www.europesays.com\/fr\/490582\/","title":{"rendered":"Cyclo-cross de Fleurie : Antony Chamerat-Dumont 1er &#8211; Actualit\u00e9"},"content":{"rendered":"<p style=\"text-align: justify;\">Antony Chamerat-Dumont (VC Villefranche Beaujolais) a remport\u00e9, ce samedi, le deuxi\u00e8me cyclo-cross de Fleurie (Rh\u00f4ne), organis\u00e9 par son club. Il a devanc\u00e9 huit de ses co\u00e9quipiers.<br \/>Antony Chamerat-Dumont succ\u00e8de \u00e0 Eliote Ponchon au palmar\u00e8s.<\/p>\n<p><strong>Classement :<\/strong><br \/><strong>S\u00e9niors et U23<\/strong><br \/>1 CHAMERAT DUMONT Antony V.C. VILLEFRANCHE BEAUJOLAIS<br \/>2 TACHOT Thomas V.C. VILLEFRANCHE BEAUJOLAIS<br \/>3 BOULET Enzo V.C. VILLEFRANCHE BEAUJOLAIS<br \/>4 MONCOUTIE Matt\u00e9o V.C. VILLEFRANCHE BEAUJOLAIS<br \/>5 HOAREAU S\u00e9bastien V.C. VILLEFRANCHE BEAUJOLAIS<br \/>6 GORDONS Elyas V.C. VILLEFRANCHE BEAUJOLAIS<br \/>7 BREMONT Tom V.C. VILLEFRANCHE BEAUJOLAIS<br \/>8 BERGER Baptiste V.C. VILLEFRANCHE BEAUJOLAIS<br \/>9 AULAS Nicolas V.C. VILLEFRANCHE BEAUJOLAIS<br \/>10 ZAMBON Maxime LAC-ALLIANCE-CYCLISTE<br \/>11 BARAN Simon V.C. VILLEFRANCHE BEAUJOLAIS<br \/>12 BAGOU Thomas CHARVIEU CHAVAGNEUX I.C.<br \/>13 MATRAY Jules V.C. VILLEFRANCHE BEAUJOLAIS<br \/>14 CRETIN Louis BOURG EN BRESSE AIN CYCLISME<br \/>15 RODET Thibaut VELO CLUB MONTCELLIEN<\/p>\n<p><strong>U19\u00a0<\/strong><br \/>1 GARON\u00a0 \u00a0 Florent\u00a0 \u00a0 CHARVIEU CHAVAGNEUX I.C.<br \/>2 BARLE MOYA Paolo V.C. VILLEFRANCHE BEAUJOLAIS\u00a0 \u00a0\u00a0<br \/>3 ARNAUD Lorenzo VCL 228<\/p>\n<p><strong>U17<\/strong><br \/>1 FERRAND Tomy V.C. VILLEFRANCHE BEAUJOLAIS<br \/>2 RIGAULT Cl\u00e9ment V.C. VILLEFRANCHE BEAUJOLAIS<br \/>3 GRENOT Paul POMMIERS VTT<\/p>\n<p>Plus d&rsquo;informations \u00e0 venir.<\/p>\n","protected":false},"excerpt":{"rendered":"Antony Chamerat-Dumont (VC Villefranche Beaujolais) a remport\u00e9, ce samedi, le deuxi\u00e8me cyclo-cross de Fleurie (Rh\u00f4ne), organis\u00e9 par son&hellip;\n","protected":false},"author":2,"featured_media":490583,"comment_status":"","ping_status":"","sticky":false,"template":"","format":"standard","meta":{"footnotes":""},"categories":[1411],"tags":[834,828,836,829,837,827,83,826,824,823,1154,207,814,817,815,816,822,821,832,211,839,1011,27,820,818,819,835,831,830,833,838,60,212,208,825],"class_list":{"0":"post-490582","1":"post","2":"type-post","3":"status-publish","4":"format-standard","5":"has-post-thumbnail","7":"category-cyclisme","8":"tag-attaque","9":"tag-belgique","10":"tag-braquet","11":"tag-bretagne","12":"tag-chute","13":"tag-competition","14":"tag-coupe-de-france","15":"tag-coureur","16":"tag-course-cyclisme","17":"tag-course-cycliste","18":"tag-cycling","19":"tag-cyclisme","20":"tag-direct","21":"tag-direct-velo","22":"tag-directvelo","23":"tag-directvelo-com","24":"tag-epreuve","25":"tag-epreuve-cycliste","26":"tag-federation-francaise-de-cyclisme","27":"tag-ffc","28":"tag-flandres","29":"tag-fr","30":"tag-france","31":"tag-live","32":"tag-live-course","33":"tag-live-epreuve","34":"tag-peloton","35":"tag-radio-peloton","36":"tag-radio-tour","37":"tag-ravitaillement","38":"tag-relance","39":"tag-sports","40":"tag-uci","41":"tag-velo","42":"tag-velos"},"share_on_mastodon":{"url":"https:\/\/pubeurope.com\/@fr\/115439012686414552","error":""},"_links":{"self":[{"href":"https:\/\/www.europesays.com\/fr\/wp-json\/wp\/v2\/posts\/490582","targetHints":{"allow":["GET"]}}],"collection":[{"href":"https:\/\/www.europesays.com\/fr\/wp-json\/wp\/v2\/posts"}],"about":[{"href":"https:\/\/www.europesays.com\/fr\/wp-json\/wp\/v2\/types\/post"}],"author":[{"embeddable":true,"href":"https:\/\/www.europesays.com\/fr\/wp-json\/wp\/v2\/users\/2"}],"replies":[{"embeddable":true,"href":"https:\/\/www.europesays.com\/fr\/wp-json\/wp\/v2\/comments?post=490582"}],"version-history":[{"count":0,"href":"https:\/\/www.europesays.com\/fr\/wp-json\/wp\/v2\/posts\/490582\/revisions"}],"wp:featuredmedia":[{"embeddable":true,"href":"https:\/\/www.europesays.com\/fr\/wp-json\/wp\/v2\/media\/490583"}],"wp:attachment":[{"href":"https:\/\/www.europesays.com\/fr\/wp-json\/wp\/v2\/media?parent=490582"}],"wp:term":[{"taxonomy":"category","embeddable":true,"href":"https:\/\/www.europesays.com\/fr\/wp-json\/wp\/v2\/categories?post=490582"},{"taxonomy":"post_tag","embeddable":true,"href":"https:\/\/www.europesays.com\/fr\/wp-json\/wp\/v2\/tags?post=490582"}],"curies":[{"name":"wp","href":"https:\/\/api.w.org\/{rel}","templated":true}]}}