{"id":490587,"date":"2025-10-26T06:20:29","date_gmt":"2025-10-26T06:20:29","guid":{"rendered":"https:\/\/www.europesays.com\/fr\/490587\/"},"modified":"2025-10-26T06:20:29","modified_gmt":"2025-10-26T06:20:29","slug":"cecile-degos-scenographe-de-musee-jadore-les-couleurs-avec-vallotton-cest-genial","status":"publish","type":"post","link":"https:\/\/www.europesays.com\/fr\/490587\/","title":{"rendered":"C\u00e9cile Degos, sc\u00e9nographe de mus\u00e9e: \u00abJ\u2019adore les couleurs. Avec Vallotton, c\u2019est g\u00e9nial!\u00bb"},"content":{"rendered":"<p>Lorsque C\u00e9cile Degos a appris que le Mus\u00e9e cantonal des beaux-arts de Lausanne pr\u00e9parait Vallotton Forever, la grande exposition du centenaire de la mort de F\u00e9lix Vallotton, elle a contact\u00e9 ses commissaires, Catherine Lepdor et Katia Poletti. \u00abJ\u2019adore le travail graphique de Vallotton. Ses aplats noirs sont puissants et j\u2019ai eu beaucoup de ses peintures dans des expositions pr\u00e9c\u00e9dentes. De plus, mon concours des arts d\u00e9coratifs portait sur les nabis. Donc, j\u2019ai un peu d\u00e9march\u00e9\u2026\u00bb, confie-t-elle.\u00a0Les espaces du premier \u00e9tage rouge fonc\u00e9, vert bouteille, bleu nuit qui \u00e9voquent un appartement parisien du XIXe, c\u2019est elle. Les espaces blancs \u00e9pur\u00e9s mais subtilement agenc\u00e9s du deuxi\u00e8me \u00e9tage, c\u2019est encore elle. On la retrouve aussi dans \u00abVallotton. L\u2019ing\u00e9nieux laboratoire\u00bb, une petite exposition en marge, \u00e0 l\u2019Espace Focus du mus\u00e9e, qui explore la fabrique de l\u2019artiste et vaut \u00e9galement le d\u00e9tour.<\/p>\n<p>Lire aussi: <a href=\"https:\/\/www.letemps.ch\/articles\/a-lausanne-felix-vallotton-droit-dans-les-yeux-jubilatoire-et-deroutant\" target=\"_blank\" rel=\"noopener\">A Lausanne, F\u00e9lix Vallotton droit dans les yeux, jubilatoire et d\u00e9routant<\/a>  <\/p>\n","protected":false},"excerpt":{"rendered":"Lorsque C\u00e9cile Degos a appris que le Mus\u00e9e cantonal des beaux-arts de Lausanne pr\u00e9parait Vallotton Forever, la grande&hellip;\n","protected":false},"author":2,"featured_media":490588,"comment_status":"","ping_status":"","sticky":false,"template":"","format":"standard","meta":{"footnotes":""},"categories":[1358],"tags":[1348,1384,1385,1386,58,59,3297,1011,27,14022,301],"class_list":{"0":"post-490587","1":"post","2":"type-post","3":"status-publish","4":"format-standard","5":"has-post-thumbnail","7":"category-arts-et-design","8":"tag-arts","9":"tag-arts-and-design","10":"tag-arts-et-design","11":"tag-design","12":"tag-divertissement","13":"tag-entertainment","14":"tag-entre-temps","15":"tag-fr","16":"tag-france","17":"tag-musees-et-expositions","18":"tag-premium"},"share_on_mastodon":{"url":"https:\/\/pubeurope.com\/@fr\/115439024446013676","error":""},"_links":{"self":[{"href":"https:\/\/www.europesays.com\/fr\/wp-json\/wp\/v2\/posts\/490587","targetHints":{"allow":["GET"]}}],"collection":[{"href":"https:\/\/www.europesays.com\/fr\/wp-json\/wp\/v2\/posts"}],"about":[{"href":"https:\/\/www.europesays.com\/fr\/wp-json\/wp\/v2\/types\/post"}],"author":[{"embeddable":true,"href":"https:\/\/www.europesays.com\/fr\/wp-json\/wp\/v2\/users\/2"}],"replies":[{"embeddable":true,"href":"https:\/\/www.europesays.com\/fr\/wp-json\/wp\/v2\/comments?post=490587"}],"version-history":[{"count":0,"href":"https:\/\/www.europesays.com\/fr\/wp-json\/wp\/v2\/posts\/490587\/revisions"}],"wp:featuredmedia":[{"embeddable":true,"href":"https:\/\/www.europesays.com\/fr\/wp-json\/wp\/v2\/media\/490588"}],"wp:attachment":[{"href":"https:\/\/www.europesays.com\/fr\/wp-json\/wp\/v2\/media?parent=490587"}],"wp:term":[{"taxonomy":"category","embeddable":true,"href":"https:\/\/www.europesays.com\/fr\/wp-json\/wp\/v2\/categories?post=490587"},{"taxonomy":"post_tag","embeddable":true,"href":"https:\/\/www.europesays.com\/fr\/wp-json\/wp\/v2\/tags?post=490587"}],"curies":[{"name":"wp","href":"https:\/\/api.w.org\/{rel}","templated":true}]}}