{"id":490589,"date":"2025-10-26T06:22:23","date_gmt":"2025-10-26T06:22:23","guid":{"rendered":"https:\/\/www.europesays.com\/fr\/490589\/"},"modified":"2025-10-26T06:22:23","modified_gmt":"2025-10-26T06:22:23","slug":"la-serie-de-france-3-avec-thomas-jouannet-aura-t-elle-une-suite","status":"publish","type":"post","link":"https:\/\/www.europesays.com\/fr\/490589\/","title":{"rendered":"La s\u00e9rie de France 3 avec Thomas Jouannet aura-t-elle une suite ?"},"content":{"rendered":"<p>Alors que France 3 propose le deuxi\u00e8me \u00e9pisode insit de Brigade du fleuve ce samedi 25 octobre 2025, quid de la suite ? La r\u00e9ponse de Thomas Jouannet, l&rsquo;interpr\u00e8te du capitaine Victor Flaubert.<\/p>\n<p>Samedi 25\u00a0octobre 2025, France 3 propose <a href=\"https:\/\/www.programme-tv.net\/news\/series-tv\/390368-brigade-du-fleuve-faut-il-regarder-le-deuxieme-episode-inedit-de-la-serie-de-france-3-avec-thomas-jouannet-diffuse-samedi-25-octobre-2025-notre-avis\/\" data-api-deeplink=\"teleloisirs:\/\/news\/390368\" target=\"_blank\" rel=\"noopener\">un \u00e9pisode in\u00e9dit de Brigade du fleuve,<\/a> le deuxi\u00e8me depuis <a href=\"https:\/\/www.programme-tv.net\/news\/series-tv\/363980-brigade-du-fleuve-faut-il-regarder-le-telefilm-inedit-avec-thomas-jouannet-diffuse-ce-samedi-2-novembre-2024-notre-avis\/\" data-api-deeplink=\"teleloisirs:\/\/news\/363980\" target=\"_blank\" rel=\"noopener\">l\u2019apparition de la fiction en novembre\u00a02024,<\/a> qui avait alors r\u00e9uni 4,74\u00a0millions de t\u00e9l\u00e9spectateurs. Ceux-ci seront s\u00fbrement au rendez-vous de cette nouvelle enqu\u00eate qui prend un virage inattendu. Au terme de cet \u00e9pisode et son joli final, l\u2019attachante brigade, incarn\u00e9e entre autres par Thomas Jouannet et <a href=\"https:\/\/www.programme-tv.net\/news\/series-tv\/388189-montmartre-je-ne-pouvais-plus-marcher-roxane-turmel-madeleine-s-est-blessee-en-apprenant-a-danser-le-french-cancan-pour-la-serie\/\" data-api-deeplink=\"teleloisirs:\/\/news\/388189\" target=\"_blank\" rel=\"noopener\">Roxane Turmel bless\u00e9e dans Montmartre,<\/a> reviendra-t-elle mener l\u2019enqu\u00eate ? Stop ou encore : on vous dit (presque) tout !<\/p>\n<p>Brigade du fleuve : La fiction de France 3 avec Thomas Jouannet aura-t-elle une suite ?<\/p>\n<p>Bonne nouvelle, oui la Fluviale reviendra \u00e0 l\u2019occasion d\u2019une troisi\u00e8me enqu\u00eate ! Mieux : le tournage de ce nouvel opus, auquel ont particip\u00e9 <a href=\"https:\/\/www.programme-tv.net\/biographie\/2945-decis-anne\/\" data-link-people=\"4e716e3d-4bac-45f8-b0b5-49a53e464d63\" target=\"_blank\" rel=\"noopener\">Anne D\u00e9cis<\/a>, \u00c9ric Savin et <a href=\"https:\/\/www.programme-tv.net\/biographie\/42584-casterman-alban\/\" data-link-people=\"c32f8766-01c0-4cc1-9e33-dd95c0d7a725\" target=\"_blank\" rel=\"noopener\">Alban Casterman<\/a>, vient tout juste de se terminer. Un troisi\u00e8me \u00e9pisode qui, contrairement aux deux premiers, n\u2019a pas \u00e9t\u00e9 r\u00e9alis\u00e9 par B\u00e9n\u00e9dicte Delmas. \u00ab\u00a0Parce que c&rsquo;est important de changer. Avoir un regard diff\u00e9rent, \u00e7a nous challenge : \u00e7a nous oblige \u00e0 nous r\u00e9inventer, \u00e0 sortir de notre zone de confort, assure Thomas Jouannet, rencontr\u00e9 \u00e0 l&rsquo;occasion du retour de Brigade du fleuve. C\u2019est Nicolas Guicheteau qui vient de r\u00e9aliser cet \u00e9pisode. C&rsquo;est bien d&rsquo;avoir un turnover sans compter que \u00e7a permet aussi \u00e0 B\u00e9n\u00e9dicte de faire d\u2019autres choses et, j\u2019esp\u00e8re, de peut-\u00eatre revenir plus tard.\u00a0\u00bb <br \/>Ce troisi\u00e8me \u00e9pisode intitul\u00e9 Sacrifices\u00a0\u00bbsera-t-il le dernier ou y en aura-t-il encore d\u2019autres apr\u00e8s ? Si tout d\u00e9pend \u00e9videmment des audiences, Thomas Jouannet r\u00e9v\u00e8le ce qui est pr\u00e9vu pour la suite : \u00ab\u00a0Si \u00e7a continue, on devrait tourner deux \u00e9pisodes d\u2019affil\u00e9e, de mi-mai \u00e0 mi-juillet.\u00a0\u00bb <\/p>\n<p>                        Brigade du fleuve : Roby Schinasi va-t-il quitter la s\u00e9rie ? La r\u00e9ponse de Thomas Jouannet<\/p>\n<p>Pour sa troisi\u00e8me enqu\u00eate, la sympathique \u00e9quipe de la brigade fluviale devra \u00e9lucider le meurtre d\u2019un coach de natation dont le corps a \u00e9t\u00e9 d\u00e9couvert sur les berges du Cher. Mais la vraie question est de savoir si Samuel (<a href=\"https:\/\/www.programme-tv.net\/biographie\/139997-schinasi-roby\/\" data-link-people=\"e2bcad3a-2a0c-438d-a856-57591292a1a2\" target=\"_blank\" rel=\"noopener\">Roby Schinasi<\/a>), qui a demand\u00e9 sa mutation \u00e0 Biarritz dans l&rsquo;\u00e9pisode diffus\u00e9 ce samedi 25\u00a0octobre, sera de l\u2019aventure ? Nous avons demand\u00e9 \u00e0 Thomas Jouannet. <br \/>\u00ab\u00a0Je ne peux pas vous dire ! En revanche, je peux vous dire que <a href=\"https:\/\/www.programme-tv.net\/biographie\/93423-bournaud-jeanne\/\" data-link-people=\"37dbe0e8-ad6a-4e14-bfce-8594f6735550\" target=\"_blank\" rel=\"noopener\">Jeanne Bournaud<\/a> [qui joue la juge Lucie Cavage, ndlr] ne va pas rester enceinte pendant trois ans. [Il rit.] Je peux aussi vous dire qu\u2019il va se passer des choses du c\u00f4t\u00e9 de la situation personnelle de mon personnage et du nouveau avec les deux fr\u00e8res\u2026 \u00c0 chaque fois, on en apprend un peu plus sur les uns et les autres et les cons\u00e9quences que cela a sur la bande. \u00c0 chaque \u00e9pisode, on en apprend un peu plus sur les uns et les autres.\u00a0\u00bb <\/p>\n","protected":false},"excerpt":{"rendered":"Alors que France 3 propose le deuxi\u00e8me \u00e9pisode insit de Brigade du fleuve ce samedi 25 octobre 2025,&hellip;\n","protected":false},"author":2,"featured_media":490590,"comment_status":"","ping_status":"","sticky":false,"template":"","format":"standard","meta":{"footnotes":""},"categories":[1356],"tags":[1409,61325,61324,61323,244,58,59,1011,27,876,2173,252,61322,1364],"class_list":{"0":"post-490589","1":"post","2":"type-post","3":"status-publish","4":"format-standard","5":"has-post-thumbnail","7":"category-television","8":"tag-bande-annonce","9":"tag-brigade-du-fleuve-1122024-0905-pm-france-3-nord-pas-de-calais","10":"tag-brigade-du-fleuve-1100893302","11":"tag-bu00e9nu00e9dicte-delmas","12":"tag-commentaire","13":"tag-divertissement","14":"tag-entertainment","15":"tag-fr","16":"tag-france","17":"tag-france-3","18":"tag-interview","19":"tag-television","20":"tag-thomas-jouannet","21":"tag-tv"},"share_on_mastodon":{"url":"https:\/\/pubeurope.com\/@fr\/115439032284034314","error":""},"_links":{"self":[{"href":"https:\/\/www.europesays.com\/fr\/wp-json\/wp\/v2\/posts\/490589","targetHints":{"allow":["GET"]}}],"collection":[{"href":"https:\/\/www.europesays.com\/fr\/wp-json\/wp\/v2\/posts"}],"about":[{"href":"https:\/\/www.europesays.com\/fr\/wp-json\/wp\/v2\/types\/post"}],"author":[{"embeddable":true,"href":"https:\/\/www.europesays.com\/fr\/wp-json\/wp\/v2\/users\/2"}],"replies":[{"embeddable":true,"href":"https:\/\/www.europesays.com\/fr\/wp-json\/wp\/v2\/comments?post=490589"}],"version-history":[{"count":0,"href":"https:\/\/www.europesays.com\/fr\/wp-json\/wp\/v2\/posts\/490589\/revisions"}],"wp:featuredmedia":[{"embeddable":true,"href":"https:\/\/www.europesays.com\/fr\/wp-json\/wp\/v2\/media\/490590"}],"wp:attachment":[{"href":"https:\/\/www.europesays.com\/fr\/wp-json\/wp\/v2\/media?parent=490589"}],"wp:term":[{"taxonomy":"category","embeddable":true,"href":"https:\/\/www.europesays.com\/fr\/wp-json\/wp\/v2\/categories?post=490589"},{"taxonomy":"post_tag","embeddable":true,"href":"https:\/\/www.europesays.com\/fr\/wp-json\/wp\/v2\/tags?post=490589"}],"curies":[{"name":"wp","href":"https:\/\/api.w.org\/{rel}","templated":true}]}}