{"id":490597,"date":"2025-10-26T06:34:12","date_gmt":"2025-10-26T06:34:12","guid":{"rendered":"https:\/\/www.europesays.com\/fr\/490597\/"},"modified":"2025-10-26T06:34:12","modified_gmt":"2025-10-26T06:34:12","slug":"pavard-une-semaine-en-enfer-decouvrez-les-notes-des-olympiens","status":"publish","type":"post","link":"https:\/\/www.europesays.com\/fr\/490597\/","title":{"rendered":"Pavard, une semaine en enfer&#8230; d\u00e9couvrez les notes des Olympiens"},"content":{"rendered":"<p>Rulli 5,5\/10<\/p>\n<p>On a connu le gardien argentin autrement serein et pr\u00e9cis avec ses pieds. Souvent sollicit\u00e9 sous la pression des Lensois, \u00ab\u00a0Gero\u00a0\u00bb a fait quelques frayeurs aux siens avec des relances mollassonnes. Tromp\u00e9 par une panenka de Edouard (23) et un c.s.c. de Pavard (53). Il \u00e9vite l&rsquo;humiliation (62, 71, 90+1).<\/p>\n<p>Pavard 2\/10<\/p>\n<p>Terrible semaine pour le champion du monde. D\u00e9j\u00e0 coupable \u00e0 deux reprises face au Sporting, Pavard a r\u00e9cidiv\u00e9 ce samedi, \u00e0 Bollaert. Il provoque d&rsquo;abord un penalty en crochetant Edouard (19). Malheureux, il finit par placer Lens en t\u00eate avec un but contre son camp (53). Remplac\u00e9 par <strong>Nadir<\/strong> (61).<\/p>\n<p>Aguerd 6\/10<\/p>\n<p>Promu capitaine en l&rsquo;absence de Leonardo Balerdi, le Marocain a parfaitement tenu son r\u00f4le. \u00c9galement celui de premier relanceur. Beaucoup de calme balle au pied et dans ses interventions, comme \u00e0 son habitude. Parfois un peu trop facile, il a su \u00e0 chaque fois rattraper le coup.\u00a0<\/p>\n<p>Emerson 5,5\/10<\/p>\n<p>M\u00eame si sa prestation n&rsquo;effacera pas les trois points perdus sur la pelouse du Sporting apr\u00e8s sa stupide exclusion, l&rsquo;Italo-br\u00e9silien a admirablement redress\u00e9 la barre. Intraitable dans son duel avec Florian Thauvin, il a plus d&rsquo;une fois sauv\u00e9 la mise de son \u00e9quipe (29, 31, 37).<\/p>\n<p>Weah 5,5\/10<\/p>\n<p>Coup dur pour l&rsquo;Am\u00e9ricain qui a \u00e9t\u00e9 coup\u00e9 dans son \u00e9lan par une blessure \u00e0 la cuisse (50). Avant de c\u00e9der sa place \u00e0 <strong>Leonardo Balerdi<\/strong>, il avait arpent\u00e9 son couloir avec ses jambes de feu. Parfois brouillon techniquement, il glisse une bonne passe que Greenwood a rendue d\u00e9cisive (17).\u00a0<\/p>\n<p>O&rsquo;Riley 3\/10<\/p>\n<p>Trop neutre dans le jeu, malgr\u00e9 sa pr\u00e9sence sur l&rsquo;action du but de Greenwood, l&rsquo;international danois n&rsquo;a pas pes\u00e9. Il s&rsquo;est surtout fait mystifier par Thauvin avec un petit pont spectaculaire (41). Sorti au profit de <strong>Pierre-Emile Hojbjerg<\/strong> (74).\u00a0<\/p>\n<p>Vermeeren 4,5\/10<\/p>\n<p>Titularis\u00e9 pour la deuxi\u00e8me fois de la semaine, le Belge a r\u00e9alis\u00e9 une superbe entame avec des interceptions et un placement impeccables. Il a baiss\u00e9 en r\u00e9gime avant m\u00eame la mi-temps, perdant de nombreux ballons et ne r\u00e9ussissant pas \u00e0 endiguer les assauts lensois.<\/p>\n<p>Murillo 3,5\/10<\/p>\n<p>Align\u00e9 piston gauche, sur le papier, le Panam\u00e9en a pass\u00e9 l&rsquo;essentiel de son temps dans le c\u0153ur du jeu quand l&rsquo;OM avait le ballon. Plut\u00f4t qu&rsquo;apporter le surnombre dans les phases de construction, il a surtout p\u00e9ch\u00e9 \u00e0 cause de son impr\u00e9cision. Gu\u00e8re rassurant face aux attaquants lensois.<\/p>\n<p>Greenwood 6\/10<\/p>\n<p>Le septi\u00e8me but en L1 de l&rsquo;Anglais (le 8e toutes comp\u00e9titions confondues) n&rsquo;est pas le plus moche, bien au contraire. Parfaitement servi par Weah, le N.10 de l&rsquo;OM a fusill\u00e9 Risser d&rsquo;une reprise du droit \u00e0 l&rsquo;entr\u00e9e de la surface (17). Mais il s&rsquo;est \u00e9teint comme ses co\u00e9quipiers par la suite.<\/p>\n<p>Paixao 3,5\/10<\/p>\n<p>Le Br\u00e9silien a \u00e9t\u00e9 trop individualiste du d\u00e9but \u00e0 la fin. Il s&rsquo;est enferm\u00e9 dans ses dribbles (16) et a trop souvent privil\u00e9gi\u00e9 le tir (5, 45+1) alors que d&rsquo;autres solutions s&rsquo;offraient \u00e0 lui. Mais pour tirer son \u00e9pingle du jeu, il a aussi besoin de ses co\u00e9quipiers.<\/p>\n<p>Vaz 4\/10<\/p>\n<p>Align\u00e9 dans le onze de d\u00e9part, l&rsquo;attaquant a trop peu \u00e9t\u00e9 cherch\u00e9 dans la profondeur. Il a surtout d\u00fb se coltiner Samson Baidoo et l&rsquo;Autrichien ne lui a fait aucun cadeau. Remplac\u00e9 \u00e0 la 52e par <strong>Pierre-Emerick Aubameyang<\/strong>, qui s&rsquo;est vite signal\u00e9 avec un tir d\u00e9tourn\u00e9 par Risser (54).\u00a0<\/p>\n<p>Le match 6\/10<br \/>\nDe Zerbi 4\/10<br \/>\nL&rsquo;arbitre 4\/10<br \/>\nL&rsquo;adversaire 5\/10<\/p>\n","protected":false},"excerpt":{"rendered":"Rulli 5,5\/10 On a connu le gardien argentin autrement serein et pr\u00e9cis avec ses pieds. Souvent sollicit\u00e9 sous&hellip;\n","protected":false},"author":2,"featured_media":490598,"comment_status":"","ping_status":"","sticky":false,"template":"","format":"standard","meta":{"footnotes":""},"categories":[9],"tags":[52911,17,3474,8790,1011,27,61280,149,51610,5572,60,96],"class_list":{"0":"post-490597","1":"post","2":"type-post","3":"status-publish","4":"format-standard","5":"has-post-thumbnail","7":"category-sports","8":"tag-2-1","9":"tag-17","10":"tag-decouvrez","11":"tag-enfer","12":"tag-fr","13":"tag-france","14":"tag-lens-om","15":"tag-om","16":"tag-pavard","17":"tag-semaine","18":"tag-sports","19":"tag-une"},"share_on_mastodon":{"url":"https:\/\/pubeurope.com\/@fr\/115439080320104828","error":""},"_links":{"self":[{"href":"https:\/\/www.europesays.com\/fr\/wp-json\/wp\/v2\/posts\/490597","targetHints":{"allow":["GET"]}}],"collection":[{"href":"https:\/\/www.europesays.com\/fr\/wp-json\/wp\/v2\/posts"}],"about":[{"href":"https:\/\/www.europesays.com\/fr\/wp-json\/wp\/v2\/types\/post"}],"author":[{"embeddable":true,"href":"https:\/\/www.europesays.com\/fr\/wp-json\/wp\/v2\/users\/2"}],"replies":[{"embeddable":true,"href":"https:\/\/www.europesays.com\/fr\/wp-json\/wp\/v2\/comments?post=490597"}],"version-history":[{"count":0,"href":"https:\/\/www.europesays.com\/fr\/wp-json\/wp\/v2\/posts\/490597\/revisions"}],"wp:featuredmedia":[{"embeddable":true,"href":"https:\/\/www.europesays.com\/fr\/wp-json\/wp\/v2\/media\/490598"}],"wp:attachment":[{"href":"https:\/\/www.europesays.com\/fr\/wp-json\/wp\/v2\/media?parent=490597"}],"wp:term":[{"taxonomy":"category","embeddable":true,"href":"https:\/\/www.europesays.com\/fr\/wp-json\/wp\/v2\/categories?post=490597"},{"taxonomy":"post_tag","embeddable":true,"href":"https:\/\/www.europesays.com\/fr\/wp-json\/wp\/v2\/tags?post=490597"}],"curies":[{"name":"wp","href":"https:\/\/api.w.org\/{rel}","templated":true}]}}