{"id":490599,"date":"2025-10-26T06:35:14","date_gmt":"2025-10-26T06:35:14","guid":{"rendered":"https:\/\/www.europesays.com\/fr\/490599\/"},"modified":"2025-10-26T06:35:14","modified_gmt":"2025-10-26T06:35:14","slug":"thierry-louna-producteur-de-cinema-vise-par-une-plainte-pour-viol-une-enquete-ouverte","status":"publish","type":"post","link":"https:\/\/www.europesays.com\/fr\/490599\/","title":{"rendered":"Thierry Louna, producteur de cin\u00e9ma, vis\u00e9 par une plainte pour viol, une enqu\u00eate ouverte"},"content":{"rendered":"<p>        <img decoding=\"async\" loading=\"lazy\" src=\"https:\/\/www.europesays.com\/fr\/wp-content\/uploads\/2025\/10\/96ec2d9_upload-1-wqsduovhheio-afp-20220206-1368951270-v1-midres-cesarnomineeluncheonatlefouquets.jpg\"  width=\"728\" height=\"1093\" alt=\"Thierry Louna, producteur de cin\u00e9ma, vis\u00e9 par une plainte pour viol, une enqu\u00eate ouverte (ici en f\u00e9vrier 2022)\"\/>  <\/p>\n<p>PASCAL LE SEGRETAIN \/ Getty Images via AFP<\/p>\n<p>Thierry Louna, producteur de cin\u00e9ma, vis\u00e9 par une plainte pour viol, une enqu\u00eate ouverte (ici en f\u00e9vrier 2022)<\/p>\n<p class=\"asset asset-text\">CINEMA &#8211; Le producteur de cin\u00e9ma Thierry Lounas, cofondateur du magazine So Film, est vis\u00e9 par une plainte <a href=\"https:\/\/www.huffingtonpost.fr\/international\/article\/pourquoi-la-procedure-pour-viol-contre-harvey-weinstein-a-ete-annulee_251287.html\" target=\"_blank\" rel=\"noopener\">pour viol <\/a>pour des faits remontant \u00e0 2010 qu\u2019il conteste, a appris l\u2019AFP ce samedi 25\u00a0octobre aupr\u00e8s de l\u2019int\u00e9ress\u00e9 et du parquet, qui a ouvert une enqu\u00eate.<\/p>\n<p class=\"asset asset-text\">La plainte de la plaignante, aujourd\u2019hui quadrag\u00e9naire, a \u00e9t\u00e9 d\u00e9pos\u00e9e jeudi \u00e0 <a href=\"https:\/\/www.huffingtonpost.fr\/politique\/article\/a-bordeaux-la-suspension-du-jumelage-avec-la-ville-israelienne-d-ashdod-cree-une-vive-polemique_252023.html\" target=\"_blank\" rel=\"noopener\" title=\"Nouvelle fen\u00eatre\">Bordeaux<\/a>, a d\u00e9clar\u00e9 \u00e0 l\u2019AFP son avocate Me Laury Costes, confirmant des informations du site <a href=\"https:\/\/lesjours.fr\/obsessions\/systeme-lounas\/ep3-plainte-viol\/\" target=\"_blank\" rel=\"noopener\" title=\"Nouvelle fen\u00eatre\">Les Jours<\/a>. L\u2019enqu\u00eate a \u00e9t\u00e9 confi\u00e9e aux policiers de la Division de la criminalit\u00e9 territoriale (DCT), a pr\u00e9cis\u00e9 le parquet de Bordeaux \u00e0 l\u2019AFP.<\/p>\n<p class=\"asset asset-text\">Selon Les Jours, les faits se seraient produits en 2010 lors d\u2019un festival \u00e0 Angers (Maine-et-Loire).<\/p>\n<p>    Lounas d\u00e9nonce un \u00ab\u00a0lynchage m\u00e9diatique\u00a0\u00bb    <\/p>\n<p class=\"asset asset-text\">La plaignante, alors \u00e9tudiante, aurait pris part \u00e0 un cocktail puis \u00e0 une sortie en bo\u00eete de nuit o\u00f9 elle aurait eu un baiser consenti avec un acteur, avant de perdre conscience<a href=\"https:\/\/www.huffingtonpost.fr\/life\/article\/le-viol-de-femmes-dans-leur-sommeil-habite-l-histoire-de-l-art-de-la-mythologie-jusqu-au-cinema_240179.html\" target=\"_blank\" rel=\"noopener\"> et de se r\u00e9veiller nue<\/a>, souffrant de douleurs vaginales, au c\u00f4t\u00e9 de Thierry Lounas endormi.<\/p>\n<p class=\"asset asset-text\">Le producteur a qualifi\u00e9 cette plainte de \u00ab\u00a0d\u00e9lirante\u00a0\u00bb. \u00ab\u00a0Je n\u2019ai couch\u00e9 avec personne ce soir-l\u00e0, j\u2019ai fait la f\u00eate toute la nuit, je ne vois ni de pr\u00e8s ni de loin qui c\u2019est\u00a0\u00bb, affirme-t-il, assurant \u00eatre rest\u00e9 \u00ab\u00a0jusqu\u2019au petit matin avec tout un groupe\u00a0\u00bb.<\/p>\n<p class=\"asset asset-text\">Contestant \u00ab\u00a0fermement ces accusations\u00a0\u00bb, il veut porter plainte pour d\u00e9nonciation calomnieuse et se dit victime d\u2019un \u00ab\u00a0lynchage m\u00e9diatique\u00a0\u00bb.<\/p>\n<p>    Sa compagne Claire Bonnefoy \u00e9galement vis\u00e9e par d\u2019autres accusations    <\/p>\n<p class=\"asset asset-text\">Un premier article diffus\u00e9 mi-octobre par Les Jours \u00e9voquait des violences sexistes et sexuelles imput\u00e9es par douze femmes \u00e0 Thierry Lounas et sa compagne Claire Bonnefoy. Cette derni\u00e8re a publi\u00e9 un droit de r\u00e9ponse pour dire n\u2019avoir jamais \u00ab\u00a0agress\u00e9 ni embrass\u00e9 de force\u00a0\u00bb une femme.<\/p>\n<p class=\"asset asset-text\">\u00ab\u00a0L\u2019anciennet\u00e9 des faits d\u00e9nonc\u00e9s par ma cliente, la pluralit\u00e9 de plaignantes, les similitudes d\u00e9crites dans le mode op\u00e9ratoire d\u00e9nonc\u00e9 par elles, laissent craindre un nombre de victimes important\u00a0\u00bb, accuse Me Laury Costes.<\/p>\n<p class=\"asset asset-text\">Thierry Lounas, \u00e2g\u00e9 de 54\u00a0ans, est producteur au sein de la soci\u00e9t\u00e9 Capricci, bas\u00e9e \u00e0 Nantes, et cofondateur en 2012 du magazine sp\u00e9cialis\u00e9 So Film. Il assure s\u2019\u00eatre mis en retrait de ses activit\u00e9s apr\u00e8s le d\u00e9but de l\u2019affaire.<\/p>\n<p class=\"asset asset-text\">Apr\u00e8s publication de l\u2019article des Jours, le Syndicat des producteurs ind\u00e9pendants (SPI) a suspendu temporairement l\u2019adh\u00e9sion de Thierry Lounas et Claire Bonnefoy en raison d\u2019accusations \u00ab\u00a0d\u2019une extr\u00eame gravit\u00e9\u00a0\u00bb.<\/p>\n","protected":false},"excerpt":{"rendered":"PASCAL LE SEGRETAIN \/ Getty Images via AFP Thierry Louna, producteur de cin\u00e9ma, vis\u00e9 par une plainte pour&hellip;\n","protected":false},"author":2,"featured_media":490600,"comment_status":"","ping_status":"","sticky":false,"template":"","format":"standard","meta":{"footnotes":""},"categories":[8],"tags":[1267,650,251,58,59,1011,27,5686,1265],"class_list":{"0":"post-490599","1":"post","2":"type-post","3":"status-publish","4":"format-standard","5":"has-post-thumbnail","7":"category-divertissement","8":"tag-agression-sexuelle","9":"tag-cinema","10":"tag-culture","11":"tag-divertissement","12":"tag-entertainment","13":"tag-fr","14":"tag-france","15":"tag-metoo","16":"tag-viol"},"share_on_mastodon":{"url":"https:\/\/pubeurope.com\/@fr\/115439084383166152","error":""},"_links":{"self":[{"href":"https:\/\/www.europesays.com\/fr\/wp-json\/wp\/v2\/posts\/490599","targetHints":{"allow":["GET"]}}],"collection":[{"href":"https:\/\/www.europesays.com\/fr\/wp-json\/wp\/v2\/posts"}],"about":[{"href":"https:\/\/www.europesays.com\/fr\/wp-json\/wp\/v2\/types\/post"}],"author":[{"embeddable":true,"href":"https:\/\/www.europesays.com\/fr\/wp-json\/wp\/v2\/users\/2"}],"replies":[{"embeddable":true,"href":"https:\/\/www.europesays.com\/fr\/wp-json\/wp\/v2\/comments?post=490599"}],"version-history":[{"count":0,"href":"https:\/\/www.europesays.com\/fr\/wp-json\/wp\/v2\/posts\/490599\/revisions"}],"wp:featuredmedia":[{"embeddable":true,"href":"https:\/\/www.europesays.com\/fr\/wp-json\/wp\/v2\/media\/490600"}],"wp:attachment":[{"href":"https:\/\/www.europesays.com\/fr\/wp-json\/wp\/v2\/media?parent=490599"}],"wp:term":[{"taxonomy":"category","embeddable":true,"href":"https:\/\/www.europesays.com\/fr\/wp-json\/wp\/v2\/categories?post=490599"},{"taxonomy":"post_tag","embeddable":true,"href":"https:\/\/www.europesays.com\/fr\/wp-json\/wp\/v2\/tags?post=490599"}],"curies":[{"name":"wp","href":"https:\/\/api.w.org\/{rel}","templated":true}]}}