{"id":490613,"date":"2025-10-26T06:45:19","date_gmt":"2025-10-26T06:45:19","guid":{"rendered":"https:\/\/www.europesays.com\/fr\/490613\/"},"modified":"2025-10-26T06:45:19","modified_gmt":"2025-10-26T06:45:19","slug":"je-ne-serai-jamais-lassee-cest-ma-vie","status":"publish","type":"post","link":"https:\/\/www.europesays.com\/fr\/490613\/","title":{"rendered":"\u00ab\u00a0Je ne serai jamais lass\u00e9e, c\u2019est ma vie\u00a0\u00bb"},"content":{"rendered":"<p>  <strong> Vous revenez \u00e0 Nancy. On ne vous sent jamais fatigu\u00e9e, ni m\u00eame lass\u00e9e\u2026 <\/strong><\/p>\n<p>\u00ab\u00a0Ah ben non, c\u2019est pas possible dans ma t\u00eate\u00a0! Moi, je vais tr\u00e8s, tr\u00e8s bien. Et surtout, je suis heureuse de faire ce que je fais. Je ne serai jamais lass\u00e9e. Vous savez, c\u2019est ma vie. Je disais r\u00e9cemment \u00e0 <a href=\"https:\/\/www.estrepublicain.fr\/p\/pascal-obispo\" target=\"_blank\" rel=\"noopener\">Pascal Obispo<\/a> dans un train\u00a0: \u201cQu\u2019est-ce que tu penses de tout ce qu\u2019on a fait, toi de ton c\u00f4t\u00e9 \u00a0?\u201d <\/p>\n<p>Moi, c\u2019est pareil\u00a0: tous les week-ends, je suis contente de partir, <a href=\"https:\/\/www.estrepublicain.fr\/culture-loisirs\/2024\/12\/26\/slipknot-archive-chantal-goya-julien-dore-les-concerts-a-venir-en-2025-a-nancy\" target=\"_blank\" rel=\"noopener\">d\u2019aller chanter<\/a> , de revenir. C\u2019est comme quelqu\u2019un qui aime p\u00eacher\u00a0: il le fait chaque week-end et il est heureux. C\u2019est vrai que c\u2019est exceptionnel d\u2019\u00eatre encore l\u00e0 apr\u00e8s cinquante ans. Mon mari me le dit souvent, mais moi je ne m\u2019en rends m\u00eame pas compte. \u00c7a passe tellement vite. Ce m\u00e9tier, c\u2019est ma vie.\u00a0\u00bb<\/p>\n<blockquote class=\"question\"><p><strong>Quand vous repensez \u00e0 votre parcours, quels souvenirs ou rencontres ressortent\u00a0?<\/strong><\/p><\/blockquote>\n<p>\u00ab\u00a0Ma plus belle rencontre, c\u2019est celle avec Louis de Fun\u00e8s. En 1982, il est venu me voir au Palais des congr\u00e8s. J\u2019ai dit aux enfants dans la salle\u00a0:  \u201cVous vous rendez compte  \u00a0? Il y a Louis de Fun\u00e8s ici\u00a0!\u201d Et les enfants criaient\u00a0: \u201cFaites-nous des grimaces \u00a0!\u201d Il r\u00e9pondait\u00a0: \u201cLes grimaces sont dans le placard \u00a0!\u201d C\u2019\u00e9tait formidable.<\/p>\n<p>Et puis il y a eu Barbara. Elle faisait venir tout son village \u00e0 mes spectacles\u00a0! Elle louait un autobus et refusait qu\u2019on lui offre des places. Apr\u00e8s mes concerts, elle me disait\u00a0: \u201c Ma petite Chantal, ce que tu fais est unique. Tu seras toujours l\u00e0.\u201d Et elle avait raison. Tous ces enfants qui criaient sont aujourd\u2019hui devenus les parents de mon public actuel. Elle avait vu juste.\u00a0\u00bb<\/p>\n<blockquote class=\"question\"><p><strong>Votre univers n\u2019a pas chang\u00e9. Vous n\u2019avez jamais eu envie de le moderniser\u00a0?<\/strong><\/p><\/blockquote>\n<p>\u00ab\u00a0Jamais. J\u2019aime garder les m\u00eames choses toute ma vie. Mes costumes, mes d\u00e9cors, mes chansons\u2026 Ce serait ridicule de les moderniser, car c\u2019est intemporel. Quand quelque chose me pla\u00eet, je le garde pour toujours. Jean-Jacques Debout est un grand m\u00e9lodiste. Ses chansons traversent les g\u00e9n\u00e9rations. C\u2019est comme Le Petit vin blanc que chantait ma grand-m\u00e8re\u00a0: ce sont des airs qui ne s\u2019effacent jamais.\u00a0\u00bb<\/p>\n<blockquote class=\"question\"><p><strong>Vous parlez souvent du rapport au public. Comment vivez-vous l\u2019\u00e9poque des r\u00e9seaux sociaux\u00a0?<\/strong><\/p><\/blockquote>\n<p>\u00ab\u00a0Je ne comprends pas ce monde-l\u00e0\u00a0! Mon t\u00e9l\u00e9phone, \u00e7a s\u2019arr\u00eate aux mails et aux messages. Je ne vois pas ce qu\u2019ils ont \u00e0 se photographier toute la journ\u00e9e. Nous, on r\u00eavait devant Romy Schneider, <a href=\"https:\/\/www.estrepublicain.fr\/faits-divers-justice\/2025\/09\/25\/alain-delon-la-demande-de-recherche-en-paternite-du-fils-d-ari-boulogne-rejetee-en-appel\" target=\"_blank\" rel=\"noopener\">Alain Delon<\/a> , <a href=\"https:\/\/www.estrepublicain.fr\/societe\/2025\/10\/22\/je-vais-bien-brigitte-bardot-dement-et-critique-une-rumeur-annoncant-son-deces\" target=\"_blank\" rel=\"noopener\">Brigitte Bardot<\/a> \u2026 On ne se montrait pas, on admirait. Le seul filtre que je connais, c\u2019est celui du caf\u00e9\u00a0! (rires)<\/p>\n<p>Mais j\u2019ai la chance d\u2019avoir mon public devant moi. Les gens me parlent, me prennent en photo dans les trains, dans les salles. Maquill\u00e9e ou pas, je m\u2019en fiche. Ce contact direct, c\u2019est ce que j\u2019aime. Certains me disent\u00a0: \u201cOn vous d\u00e9couvre autrement.\u201d Je suis naturelle, sans filtre, et je crois que c\u2019est ce qui pla\u00eet.\u00a0\u00bb<\/p>\n<blockquote class=\"question\"><p><strong>Le costume de Pandi Panda va-t-il faire son retour\u00a0?<\/strong><\/p><\/blockquote>\n<p>\u00ab\u00a0Oui\u00a0! J\u2019ai retrouv\u00e9 la costumi\u00e8re qui l\u2019avait cr\u00e9\u00e9 pour moi en 1984, quand elle avait 20 ans. Elle est maintenant costumi\u00e8re pour Mask Singer. Elle m\u2019a dit que c\u2019\u00e9tait un travail tr\u00e8s long, car c\u2019est fait \u00e0 l\u2019ancienne, mais elle va me le refaire \u00e0 l\u2019identique. Elle veut qu\u2019il soit parfait, exactement comme \u00e0 l\u2019\u00e9poque. <a href=\"https:\/\/www.estrepublicain.fr\/insolite\/2025\/06\/26\/qui-a-vole-le-costume-de-pandi-panda-chantal-goya-lance-un-appel-a-temoins\" target=\"_blank\" rel=\"noopener\">Il devrait \u00eatre pr\u00eat<\/a> pour fin novembre. J\u2019aurais aim\u00e9 l\u2019emmener \u00e0 Beyrouth (le 8\u00a0novembre), mais ce sera pour plus tard. Il reviendra comme s\u2019il n\u2019\u00e9tait jamais parti\u00a0!\u00a0\u00bb<\/p>\n<blockquote class=\"question\"><p><strong>Apr\u00e8s une telle carri\u00e8re, avez-vous un regret\u00a0?<\/strong><\/p><\/blockquote>\n<p>\u00ab\u00a0Oui, un seul\u00a0: que mon papa soit mort avant que je sois connue. Il est d\u00e9c\u00e9d\u00e9 en septembre\u00a01975, juste avant le succ\u00e8s d\u2019 Adieu les jolis foulards. C\u2019est pourtant gr\u00e2ce \u00e0 lui que j\u2019ai pu faire le disque\u00a0: il m\u2019avait donn\u00e9 un peu d\u2019argent pour le produire. Et tout est parti de l\u00e0.<\/p>\n<p>Ma carri\u00e8re a \u00e9t\u00e9 exceptionnelle gr\u00e2ce \u00e0 Jean-Jacques Debout et \u00e0 tous ceux qui nous ont entour\u00e9s. Aujourd\u2019hui, on f\u00eate les 50 ans de sc\u00e8ne avec un grand spectacle dans tous les Z\u00e9nith de France\u00a0: Le Soulier qui vole , Le carrosse-escargot ,  L\u2019arbre Monsieur le ch\u00eane \u2026 Tous les d\u00e9cors d\u2019origine, les enfants sur sc\u00e8ne, les danseurs, la lumi\u00e8re. On sera une vingtaine sur sc\u00e8ne avec cinq semi-remorques de d\u00e9cors\u00a0! Tout \u00e7a pour continuer \u00e0 faire r\u00eaver les gens.<\/p>\n<p>Les gens me disent souvent\u00a0: \u201cVous nous rassurez\u201d. Et c\u2019est sans doute \u00e7a, la magie de mes chansons.\u00a0\u00bb<\/p>\n<p class=\"note\"><a href=\"https:\/\/www.estrepublicain.fr\/p\/chantal-goya\" target=\"_blank\" rel=\"noopener\">Chantal Goya<\/a> sera au <a href=\"https:\/\/www.estrepublicain.fr\/culture-loisirs\/2025\/10\/24\/nancy-open-air-gims-rejoint-la-programmation-de-l-edition-2026\" target=\"_blank\" rel=\"noopener\">Z\u00e9nith du Grand Nancy<\/a> le dimanche 23\u00a0novembre.<\/p>\n","protected":false},"excerpt":{"rendered":"Vous revenez \u00e0 Nancy. On ne vous sent jamais fatigu\u00e9e, ni m\u00eame lass\u00e9e\u2026 \u00ab\u00a0Ah ben non, c\u2019est pas&hellip;\n","protected":false},"author":2,"featured_media":490614,"comment_status":"","ping_status":"","sticky":false,"template":"","format":"standard","meta":{"footnotes":""},"categories":[9635],"tags":[1111,11,1687,3602,1707,1704,1706,1705,10174,1777,674,1011,27,775,873,1702,1703,12,25],"class_list":{"0":"post-490613","1":"post","2":"type-post","3":"status-publish","4":"format-standard","5":"has-post-thumbnail","7":"category-nancy","8":"tag-actu","9":"tag-actualites","10":"tag-culture-loisirs","11":"tag-edition-bar-le-duc","12":"tag-edition-luneville","13":"tag-edition-nancy-et-agglomeration","14":"tag-edition-pont-a-mousson","15":"tag-edition-toul","16":"tag-edition-verdun","17":"tag-eu","18":"tag-europe","19":"tag-fr","20":"tag-france","21":"tag-grand-est","22":"tag-musique","23":"tag-nancy","24":"tag-nancy-ville-54b","25":"tag-news","26":"tag-republique-francaise"},"share_on_mastodon":{"url":"https:\/\/pubeurope.com\/@fr\/115439122665961109","error":""},"_links":{"self":[{"href":"https:\/\/www.europesays.com\/fr\/wp-json\/wp\/v2\/posts\/490613","targetHints":{"allow":["GET"]}}],"collection":[{"href":"https:\/\/www.europesays.com\/fr\/wp-json\/wp\/v2\/posts"}],"about":[{"href":"https:\/\/www.europesays.com\/fr\/wp-json\/wp\/v2\/types\/post"}],"author":[{"embeddable":true,"href":"https:\/\/www.europesays.com\/fr\/wp-json\/wp\/v2\/users\/2"}],"replies":[{"embeddable":true,"href":"https:\/\/www.europesays.com\/fr\/wp-json\/wp\/v2\/comments?post=490613"}],"version-history":[{"count":0,"href":"https:\/\/www.europesays.com\/fr\/wp-json\/wp\/v2\/posts\/490613\/revisions"}],"wp:featuredmedia":[{"embeddable":true,"href":"https:\/\/www.europesays.com\/fr\/wp-json\/wp\/v2\/media\/490614"}],"wp:attachment":[{"href":"https:\/\/www.europesays.com\/fr\/wp-json\/wp\/v2\/media?parent=490613"}],"wp:term":[{"taxonomy":"category","embeddable":true,"href":"https:\/\/www.europesays.com\/fr\/wp-json\/wp\/v2\/categories?post=490613"},{"taxonomy":"post_tag","embeddable":true,"href":"https:\/\/www.europesays.com\/fr\/wp-json\/wp\/v2\/tags?post=490613"}],"curies":[{"name":"wp","href":"https:\/\/api.w.org\/{rel}","templated":true}]}}