{"id":490615,"date":"2025-10-26T06:47:19","date_gmt":"2025-10-26T06:47:19","guid":{"rendered":"https:\/\/www.europesays.com\/fr\/490615\/"},"modified":"2025-10-26T06:47:19","modified_gmt":"2025-10-26T06:47:19","slug":"mhsc-nancy-montpellier-sest-enfin-lache-et-a-enflamme-le-stade-de-la-mosson","status":"publish","type":"post","link":"https:\/\/www.europesays.com\/fr\/490615\/","title":{"rendered":"MHSC \u2013 Nancy\u00a0: Montpellier s\u2019est enfin l\u00e2ch\u00e9 et a enflamm\u00e9 le stade de la Mosson"},"content":{"rendered":"<p>\n                                                                Men\u00e9s, les Montpelli\u00e9rains ont su revenir et battre, samedi, une \u00e9quipe de Nancy r\u00e9duite \u00e0 dix (4-1). Ils montent au 5e rang du classement\n                            <\/p>\n<p>C\u2019\u00e9tait un bel apr\u00e8s-midi d\u2019automne avec du soleil, des buts, une victoire et une Mosson \u00e0 l\u2019unisson avec sa Butte qui f\u00eate ses h\u00e9ros.<br \/>Il faut dire que Montpellier avait \u00e9t\u00e9 tellement sevr\u00e9 de tout \u00e7a ces derni\u00e8res ann\u00e9es. Il faut remonter en mars\u00a02023 contre Angers (5-0) pour retrouver une victoire avec au moins quatre buts \u00e0 domicile.<\/p>\n<p>Des difficult\u00e9s et un complexe qu\u2019a m\u00eame reconnus l\u2019entra\u00eeneur Zoumana Camara apr\u00e8s la rencontre.\u00a0\u00ab\u00a0Je pense sinc\u00e8rement qu\u2019il y a un d\u00e9blocage \u00e0 faire quand on joue \u00e0 La Mosson pour les joueurs. Clairement. Je sens des joueurs \u00e0 deux visages. \u00c0 l\u2019ext\u00e9rieur et ici.\u00a0\u00bb<\/p>\n<p>Des faits de match n\u00e9gatifs<\/p>\n<p>L\u2019entame de match a \u00e9t\u00e9 encore compliqu\u00e9e avec un nouveau but encaiss\u00e9 dans la premi\u00e8re demi-heure apr\u00e8s un tacle de Lucas Mincarelli que Simon Ngapandouetnbu n\u2019a pu repousser que dans les pieds de Bamba (17e). Il y avait eu aussi ce but injustement refus\u00e9 \u00e0 Nicolas Pays alors qu\u2019Alexandre Mendy, signal\u00e9 hors-jeu, ne l\u2019\u00e9tait pas et n\u2019a m\u00eame pas touch\u00e9 le ballon (10e).<\/p>\n<p>Des faits de match n\u00e9gatifs dont Montpellier ne se serait jamais remis il n\u2019y a pas si longtemps. Et l\u00e0, la roue a enfin \u201croutourn\u00e9\u201d comme l\u2019avait dit Franck Rib\u00e9ry. Il y a eu l\u2019expulsion d\u2019Elydjah Mendy (22e) alors qu\u2019il y avait eu plusieurs fautes avant sur l\u2019action\u2026<\/p>\n<p>Encore deux buts apr\u00e8s un corner<\/p>\n<p>Et le MHSC a forc\u00e9 son destin (lire ci-dessous) en arrivant \u00e0 \u00e9galiser juste avant la mi-temps apr\u00e8s un corner mal renvoy\u00e9 qui a profit\u00e9 au capitaine Becir Omeragic (44e). C\u2019est \u00e9galement sur un coup de pied de coin, au retour des vestiaires, jou\u00e9 \u00e0 trois, que Khalil Fayad a donn\u00e9 l\u2019avantage \u00e0 son \u00e9quipe (49e).<\/p>\n<p>Des buts sur phases arr\u00eat\u00e9es mais \u00e9galement dans le jeu car les Montpelli\u00e9rains ont continu\u00e9 \u00e0 jouer et se sont enfin l\u00e2ch\u00e9s \u00e0 la maison. Y ajoutant deux autres r\u00e9alisations par Nicolas Pays, encore excellent, buteur pour la premi\u00e8re fois sous le maillot montpelli\u00e9rain (63e), tout comme Nathana\u00ebl Mbuku. L\u2019ailier gauche, titularis\u00e9 \u00e0 la place de Victor Orakpo, a r\u00e9ussi une seconde mi-temps de tr\u00e8s haut niveau parachevant le succ\u00e8s de Montpellier (85e).<\/p>\n<p>Une deuxi\u00e8me victoire cons\u00e9cutive pour la premi\u00e8re fois de la saison qui permet au MHSC de grimper \u00e0 la cinqui\u00e8me place du classement.<br \/>Qui a d\u00fb ravir de l\u00e0-haut le journaliste Guillaume Di Grazia, d\u00e9c\u00e9d\u00e9 r\u00e9cemment et grand supporter pailladin et \u00e0 qui LaMosson a rendu hommage avant le match par une minute d\u2019applaudissements. Une vraie belle journ\u00e9e d\u2019automne.<\/p>\n","protected":false},"excerpt":{"rendered":"Men\u00e9s, les Montpelli\u00e9rains ont su revenir et battre, samedi, une \u00e9quipe de Nancy r\u00e9duite \u00e0 dix (4-1). Ils&hellip;\n","protected":false},"author":2,"featured_media":490616,"comment_status":"","ping_status":"","sticky":false,"template":"","format":"standard","meta":{"footnotes":""},"categories":[9635],"tags":[1111,11,1777,674,1011,27,775,1702,12,25],"class_list":{"0":"post-490615","1":"post","2":"type-post","3":"status-publish","4":"format-standard","5":"has-post-thumbnail","7":"category-nancy","8":"tag-actu","9":"tag-actualites","10":"tag-eu","11":"tag-europe","12":"tag-fr","13":"tag-france","14":"tag-grand-est","15":"tag-nancy","16":"tag-news","17":"tag-republique-francaise"},"share_on_mastodon":{"url":"https:\/\/pubeurope.com\/@fr\/115439130681818261","error":""},"_links":{"self":[{"href":"https:\/\/www.europesays.com\/fr\/wp-json\/wp\/v2\/posts\/490615","targetHints":{"allow":["GET"]}}],"collection":[{"href":"https:\/\/www.europesays.com\/fr\/wp-json\/wp\/v2\/posts"}],"about":[{"href":"https:\/\/www.europesays.com\/fr\/wp-json\/wp\/v2\/types\/post"}],"author":[{"embeddable":true,"href":"https:\/\/www.europesays.com\/fr\/wp-json\/wp\/v2\/users\/2"}],"replies":[{"embeddable":true,"href":"https:\/\/www.europesays.com\/fr\/wp-json\/wp\/v2\/comments?post=490615"}],"version-history":[{"count":0,"href":"https:\/\/www.europesays.com\/fr\/wp-json\/wp\/v2\/posts\/490615\/revisions"}],"wp:featuredmedia":[{"embeddable":true,"href":"https:\/\/www.europesays.com\/fr\/wp-json\/wp\/v2\/media\/490616"}],"wp:attachment":[{"href":"https:\/\/www.europesays.com\/fr\/wp-json\/wp\/v2\/media?parent=490615"}],"wp:term":[{"taxonomy":"category","embeddable":true,"href":"https:\/\/www.europesays.com\/fr\/wp-json\/wp\/v2\/categories?post=490615"},{"taxonomy":"post_tag","embeddable":true,"href":"https:\/\/www.europesays.com\/fr\/wp-json\/wp\/v2\/tags?post=490615"}],"curies":[{"name":"wp","href":"https:\/\/api.w.org\/{rel}","templated":true}]}}