{"id":490617,"date":"2025-10-26T06:48:15","date_gmt":"2025-10-26T06:48:15","guid":{"rendered":"https:\/\/www.europesays.com\/fr\/490617\/"},"modified":"2025-10-26T06:48:15","modified_gmt":"2025-10-26T06:48:15","slug":"avant-de-se-deplacer-a-toulouse-toulon-et-mignoni-nont-rien-oublie","status":"publish","type":"post","link":"https:\/\/www.europesays.com\/fr\/490617\/","title":{"rendered":"avant de se d\u00e9placer \u00e0 Toulouse, Toulon et Mignoni n&rsquo;ont rien oubli\u00e9"},"content":{"rendered":"<p>\u00ab\u00a0Je sais ce qui nous attend, je ne suis pas amn\u00e9sique !\u00a0\u00bb\u00a0 Pierre Mignoni n&rsquo;a pas oubli\u00e9 les trois revers de son \u00e9quipe face au Stade Toulousain la saison pass\u00e9e. <a href=\"https:\/\/www.laprovence.com\/article\/sports\/1079947026676315\/rugby-top-14-une-fessee-record-pour-toulon\" target=\"_blank\" rel=\"nofollow noopener\">Gifl\u00e9 \u00e0 deux reprises en Top 14 <\/a>et battu en quart de finale de Champions Cup au stade Mayol, le manager varois esp\u00e8re bien voir de la fiert\u00e9 au sein de son \u00e9quipe ce soir au moment d&rsquo;entrer sur la pelouse du Stadium de Toulouse (21h05).<\/p>\n<p>\u00ab\u00a0C&rsquo;est un match de tr\u00e8s haut niveau dans lequel il faudra r\u00e9pondre pr\u00e9sent, a confi\u00e9 l&rsquo;ancien demi de m\u00eal\u00e9e vendredi en conf\u00e9rence de presse. \u00c7a rel\u00e8ve peut-\u00eatre de l&rsquo;exploit mais ce sont les joueurs qui ont la recette.\u00a0\u00bb<\/p>\n<p>\u00ab\u00a0Je sais ce qui nous attend, je ne suis pas amn\u00e9sique\u00a0!\u00a0\u00bb<\/p>\n<p>Si le manager rouge et noir parle d&rsquo;exploit, c&rsquo;est parce que le champion de France en titre est intraitable \u00e0 domicile cette saison. Trois victoires bonifi\u00e9es en autant de rencontres pour les Toulousains qui voudront poursuivre sur leur lanc\u00e9e face \u00e0 des Toulonnais priv\u00e9s de plusieurs cadres. Baptiste Serin, David Ribbans et Juan Ignacio Brex sont laiss\u00e9s au repos pour ce d\u00e9placement mais<a href=\"https:\/\/www.laprovence.com\/article\/sports\/7690056739270614\/rugby-top-14-neuf-mois-apres-sa-blessure-au-genou-ollivon-fait-son-retour-avec-toulon-contre-pau\" target=\"_blank\" rel=\"nofollow noopener\"> le capitaine Charles Ollivon<\/a>, lui, sera bien pr\u00e9sent en deuxi\u00e8me ligne pour la deuxi\u00e8me fois d&rsquo;affil\u00e9e. \u00ab\u00a0J&rsquo;entends des gens dire qu&rsquo;on fait tourner car il nous reste deux matches \u00e0 domicile avant la tr\u00eave. Il nous reste trois matches, \u00e0 commencer par celui-l\u00e0 \u00ab\u00a0, a affirm\u00e9 Pierre Mignoni avec le souvenir des 107 points encaiss\u00e9s l&rsquo;an dernier lors des deux rencontres de Top 14 face au Stade Toulousain.<\/p>\n<p>Stade Toulousain &#8211; RCT (21h, Canal+) Le XV de d\u00e9part : Jaminet &#8211; Rebbadj, Smaili, Sinzelle, Ferte &#8211; (o) Domon, (m) Le Bail &#8211; Coulon, Ludlam, Quere-Karaba &#8211; Rebbadj, Ollivon &#8211; Sinckler, Damond, Gros.<\/p>\n","protected":false},"excerpt":{"rendered":"\u00ab\u00a0Je sais ce qui nous attend, je ne suis pas amn\u00e9sique !\u00a0\u00bb\u00a0 Pierre Mignoni n&rsquo;a pas oubli\u00e9 les&hellip;\n","protected":false},"author":2,"featured_media":490618,"comment_status":"","ping_status":"","sticky":false,"template":"","format":"standard","meta":{"footnotes":""},"categories":[9619],"tags":[17,1111,11,3917,42838,1777,674,1011,27,11851,26058,12,882,25,479,60,2310,2312],"class_list":{"0":"post-490617","1":"post","2":"type-post","3":"status-publish","4":"format-standard","5":"has-post-thumbnail","7":"category-toulon","8":"tag-17","9":"tag-actu","10":"tag-actualites","11":"tag-avant","12":"tag-deplacer","13":"tag-eu","14":"tag-europe","15":"tag-fr","16":"tag-france","17":"tag-mignoni","18":"tag-nont","19":"tag-news","20":"tag-provence-alpes-cote-dazur","21":"tag-republique-francaise","22":"tag-rugby","23":"tag-sports","24":"tag-toulon","25":"tag-toulouse"},"share_on_mastodon":{"url":"https:\/\/pubeurope.com\/@fr\/115439134976438767","error":""},"_links":{"self":[{"href":"https:\/\/www.europesays.com\/fr\/wp-json\/wp\/v2\/posts\/490617","targetHints":{"allow":["GET"]}}],"collection":[{"href":"https:\/\/www.europesays.com\/fr\/wp-json\/wp\/v2\/posts"}],"about":[{"href":"https:\/\/www.europesays.com\/fr\/wp-json\/wp\/v2\/types\/post"}],"author":[{"embeddable":true,"href":"https:\/\/www.europesays.com\/fr\/wp-json\/wp\/v2\/users\/2"}],"replies":[{"embeddable":true,"href":"https:\/\/www.europesays.com\/fr\/wp-json\/wp\/v2\/comments?post=490617"}],"version-history":[{"count":0,"href":"https:\/\/www.europesays.com\/fr\/wp-json\/wp\/v2\/posts\/490617\/revisions"}],"wp:featuredmedia":[{"embeddable":true,"href":"https:\/\/www.europesays.com\/fr\/wp-json\/wp\/v2\/media\/490618"}],"wp:attachment":[{"href":"https:\/\/www.europesays.com\/fr\/wp-json\/wp\/v2\/media?parent=490617"}],"wp:term":[{"taxonomy":"category","embeddable":true,"href":"https:\/\/www.europesays.com\/fr\/wp-json\/wp\/v2\/categories?post=490617"},{"taxonomy":"post_tag","embeddable":true,"href":"https:\/\/www.europesays.com\/fr\/wp-json\/wp\/v2\/tags?post=490617"}],"curies":[{"name":"wp","href":"https:\/\/api.w.org\/{rel}","templated":true}]}}