{"id":490619,"date":"2025-10-26T06:49:12","date_gmt":"2025-10-26T06:49:12","guid":{"rendered":"https:\/\/www.europesays.com\/fr\/490619\/"},"modified":"2025-10-26T06:49:12","modified_gmt":"2025-10-26T06:49:12","slug":"toulon-sur-quelle-chaine-et-a-quelle-heure-voir-le-match-de-top-14","status":"publish","type":"post","link":"https:\/\/www.europesays.com\/fr\/490619\/","title":{"rendered":"Toulon\u00a0: Sur quelle cha\u00eene et \u00e0 quelle heure voir le match de Top 14\u00a0?"},"content":{"rendered":"<p>C\u2019est le choc du week-end en Top 14. Sur la pelouse du Stade Ernest-Wallon, le Stade Toulousain re\u00e7oit le RC Toulon \u00e0 l\u2019occasion de la 8e journ\u00e9e de championnat. Le vainqueur fera une belle affaire au classement, o\u00f9 la bataille fait rage derri\u00e8re le leader palois.<\/p>\n<p class=\"mb-xxl@xs color-ultramarine font-weight-semi-bold@xs font-source-serif-pro heading-s@xs\">L\u2019acc\u00e8s \u00e0 ce contenu a \u00e9t\u00e9 bloqu\u00e9 afin de respecter votre choix de consentement<\/p>\n<p class=\"mb-m@xs text-l@xs\">En cliquant sur\u00ab J\u2019accepte \u00bb, vous acceptez le d\u00e9p\u00f4t de cookies par des services externes et aurez ainsi acc\u00e8s aux contenus de nos partenaires.<\/p>\n<p class=\"mb-xl@xs text-s@xs\">Plus d\u2019informations sur la page<a href=\"https:\/\/www.20minutes.fr\/gestion-cookies\" class=\"mx-xxs@xs color-ultramarine\" target=\"_blank\" rel=\"noopener\">Politique de gestion des cookies<\/a><\/p>\n<p>J\u2019accepte\u00c0 quelle heure et sur quelle cha\u00eene voir Toulouse &#8211; Toulon<\/p>\n<p>Le match entre le Stade Toulousain et le RC Toulon sera diffus\u00e9 sur Canal +, le dimanche 26\u00a0octobre 2025, \u00e0 16h05, en direct pour les abonn\u00e9s.<\/p>\n<p>Toulouse, intraitable \u00e0 domicile<\/p>\n<p>Difficile, voire impossible, de prendre des points dans la Ville Rose cette saison. Le Stade Toulousain a remport\u00e9 tous ses matches dans son antre, contre l\u2019USAP (31-13), <a href=\"https:\/\/www.20minutes.fr\/toulouse\/castres\/\" class=\"c-link c-link--is-underlined\" target=\"_blank\" rel=\"noopener\">Castres<\/a> (59-12) et Bordeaux B\u00e8gles (56-13). Les Rouge et noir partiront \u00e9videmment favoris au vu de leur histoire et de leur forme du moment. \u00c0 trois points de Pau, leader, et 1 de Bayonne, deuxi\u00e8me, le Stade a l\u2019occasion de gravir quelques places au classement en cas de succ\u00e8s. Il est actuellement ex aequo avec le <a href=\"https:\/\/www.20minutes.fr\/sport\/stade_francais\/\" class=\"c-link c-link--is-underlined\" target=\"_blank\" rel=\"noopener\">Stade Fran\u00e7ais<\/a> et La\u00a0Rochelle, avec 20 unit\u00e9s au compteur.<\/p>\n<p>Actuellement sur courant alternatif (1 victoire, 1 d\u00e9faite, 1 victoire, 1 d\u00e9faite,\u00a0etc.), Toulouse doit relever la t\u00eate apr\u00e8s sa d\u00e9faite sur la sir\u00e8ne \u00e0 <a href=\"https:\/\/www.20minutes.fr\/societe\/pau\/\" class=\"c-link c-link--is-underlined\" target=\"_blank\" rel=\"noopener\">Pau<\/a> le week-end dernier.<\/p>\n<p>Toulon voyage mal<\/p>\n<p>Les Varois n\u2019ont sign\u00e9 qu\u2019un succ\u00e8s hors de leurs bases cette saison. C\u2019\u00e9tait \u00e0 Montpellier (17-27). Puis ils ont connu deux revers en d\u00e9placement, \u00e0 <a href=\"https:\/\/www.20minutes.fr\/dossier\/bayonne\" class=\"c-link c-link--is-underlined\" target=\"_blank\" rel=\"noopener\">Bayonne<\/a> (35-32) et Clermont (27-10). C&rsquo;est dire la mission qui attend le RC Toulon dimanche soir. Un air de revanche soufflera sur Toulouse car les Varois ont toujours en travers de la gorge leurs d\u00e9faites de la saison pass\u00e9e\u00a0: 57-5 \u00e0 l\u2019ext\u00e9rieur, et 18-21 \u00e0 Mayol en quarts de finale de la Champions Cup, mais aussi 16-50 au <a href=\"https:\/\/www.20minutes.fr\/dossier\/stade_velodrome\" class=\"c-link c-link--is-underlined\" target=\"_blank\" rel=\"noopener\">Stade V\u00e9lodrome<\/a> en Top 14\u2026<\/p>\n<p>Les compos<\/p>\n<ul>\n<li>Toulouse\u00a0: 15. Ramos ou Kinghorn\u00a0; 14. Kinghorn ou Thomas, 13.Gourgues, 12. Chocobares, 11. Mallia\u00a0; 10. R.\u00a0Ntamack, 9. Graou\u00a0; 7. Jelonch, 8. Roumat, 6. Willis\u00a0; 5. Meafou, 4. Flament\u00a0; 3. Aldegheri, 2. Marchand (cap.) ou Cramont, 1. Neti.<\/li>\n<li><a href=\"https:\/\/www.20minutes.fr\/dossier\/toulon\" class=\"c-link c-link--is-underlined\" target=\"_blank\" rel=\"noopener\">Toulon<\/a>\u00a0: 15. M.\u00a0Jaminet\u00a0; 14. R.\u00a0Rebbadj, 13. Sma\u00efli, 12. Sinzelle, 11.Fert\u00e9\u00a0; 10. Domon, 9. Le Bail\u00a0; 7. Coulon, 8. Tuifua, 6. Quere-Karaba\u00a0; 5. S.\u00a0Rebbadj, 4. Ollivon (cap.)\u00a0; 3. Sinckler, 2. Damond, 1.Gros.<\/li>\n<\/ul>\n","protected":false},"excerpt":{"rendered":"C\u2019est le choc du week-end en Top 14. Sur la pelouse du Stade Ernest-Wallon, le Stade Toulousain re\u00e7oit&hellip;\n","protected":false},"author":2,"featured_media":490620,"comment_status":"","ping_status":"","sticky":false,"template":"","format":"standard","meta":{"footnotes":""},"categories":[9619],"tags":[1111,11,1777,674,1011,27,12,882,8177,25,479,517,476,478,2310],"class_list":{"0":"post-490619","1":"post","2":"type-post","3":"status-publish","4":"format-standard","5":"has-post-thumbnail","7":"category-toulon","8":"tag-actu","9":"tag-actualites","10":"tag-eu","11":"tag-europe","12":"tag-fr","13":"tag-france","14":"tag-news","15":"tag-provence-alpes-cote-dazur","16":"tag-rc-toulon","17":"tag-republique-francaise","18":"tag-rugby","19":"tag-sport","20":"tag-stade-toulousain","21":"tag-top-14","22":"tag-toulon"},"share_on_mastodon":{"url":"https:\/\/pubeurope.com\/@fr\/115439138471304519","error":""},"_links":{"self":[{"href":"https:\/\/www.europesays.com\/fr\/wp-json\/wp\/v2\/posts\/490619","targetHints":{"allow":["GET"]}}],"collection":[{"href":"https:\/\/www.europesays.com\/fr\/wp-json\/wp\/v2\/posts"}],"about":[{"href":"https:\/\/www.europesays.com\/fr\/wp-json\/wp\/v2\/types\/post"}],"author":[{"embeddable":true,"href":"https:\/\/www.europesays.com\/fr\/wp-json\/wp\/v2\/users\/2"}],"replies":[{"embeddable":true,"href":"https:\/\/www.europesays.com\/fr\/wp-json\/wp\/v2\/comments?post=490619"}],"version-history":[{"count":0,"href":"https:\/\/www.europesays.com\/fr\/wp-json\/wp\/v2\/posts\/490619\/revisions"}],"wp:featuredmedia":[{"embeddable":true,"href":"https:\/\/www.europesays.com\/fr\/wp-json\/wp\/v2\/media\/490620"}],"wp:attachment":[{"href":"https:\/\/www.europesays.com\/fr\/wp-json\/wp\/v2\/media?parent=490619"}],"wp:term":[{"taxonomy":"category","embeddable":true,"href":"https:\/\/www.europesays.com\/fr\/wp-json\/wp\/v2\/categories?post=490619"},{"taxonomy":"post_tag","embeddable":true,"href":"https:\/\/www.europesays.com\/fr\/wp-json\/wp\/v2\/tags?post=490619"}],"curies":[{"name":"wp","href":"https:\/\/api.w.org\/{rel}","templated":true}]}}