{"id":490625,"date":"2025-10-26T06:52:09","date_gmt":"2025-10-26T06:52:09","guid":{"rendered":"https:\/\/www.europesays.com\/fr\/490625\/"},"modified":"2025-10-26T06:52:09","modified_gmt":"2025-10-26T06:52:09","slug":"ca-vaut-pas-le-coup","status":"publish","type":"post","link":"https:\/\/www.europesays.com\/fr\/490625\/","title":{"rendered":"\u00ab\u00a0\u00c7a vaut pas le coup ! \u00bb"},"content":{"rendered":"<p>            Par<br \/>\n        <strong><br \/>\n            <a href=\"https:\/\/actu.fr\/auteur\/julien-bouteiller\" title=\"Consulter tous les articles de Julien Bouteiller\" rel=\"nofollow noopener\" target=\"_blank\">Julien Bouteiller<\/a><br \/>\n        <\/strong><\/p>\n<p>        Publi\u00e9 le<\/p>\n<p>            26 oct. 2025 \u00e0 7h32        <\/p>\n<p>En inaugurant <strong>la pi\u00e9tonnisation de la rue Beauvoisine<\/strong>, durant le mois d\u2019octobre 2025, Nicolas Mayer-Rossignol, maire de <a href=\"https:\/\/actu.fr\/normandie\/rouen_76540\" rel=\"nofollow noopener\" target=\"_blank\">Rouen<\/a>, n\u2019a pas manqu\u00e9 de rappeler les d\u00e9bats suscit\u00e9s \u00e0 l\u2019\u00e9poque par celle de la<strong> rue du Gros Horloge<\/strong>. Mais qui oserait aujourd\u2019hui remettre en question l\u2019am\u00e9nagement de<strong> la premi\u00e8re voie pi\u00e9tonne de France<\/strong> ? Plus grand monde\u2026 Et pourtant, dans les ann\u00e9es 1970, ce n\u2019\u00e9tait pas si \u00e9vident. On replonge dans les archives.<\/p>\n<p>Pi\u00e9tonniser la rue du Gros Horloge : l\u2019hostilit\u00e9 des \u00e9lus<\/p>\n<p class=\" wall-content\">Avant la pi\u00e9tonnisation, ce sont pr\u00e8s de <strong>15 000 v\u00e9hicules<\/strong> qui empruntaient chaque jour la rue du Gros Horloge, alors am\u00e9nag\u00e9e de trottoirs et d\u2019une chauss\u00e9e.\u00a0<\/p>\n<p class=\" wall-content\">Mais en 1969, un homme, l\u2019adjoint \u00e0 l\u2019urbanisme Bernard Canu, a une id\u00e9e pour revitaliser le centre-ville. \u00ab\u00a0\u00c0 l\u2019\u00e9poque, on pensait que l\u2019avenir \u00e9tait dans les p\u00e9riph\u00e9ries. Rouen allait-elle devenir une ville morte ? Pour moi, l\u2019h\u00e9ritage que constituait le centre historique valait tous les efforts. Il fallait am\u00e9nager un plan de circulation, lutter sur tous les fronts\u00a0\u00bb, relate-t-il dans une interview <a href=\"https:\/\/www.lemonde.fr\/archives\/article\/1994\/11\/05\/en-ville-rouen-riverain-l-homme-des-pietons_3850772_1819218.html\" rel=\"nofollow noopener\" target=\"_blank\">au Monde en 1994<\/a>.<\/p>\n<blockquote class=\"ac-article-quote wall-content\">\n<p>Tous les ans nous faisions des voyages \u00e0 l&rsquo;\u00e9tranger. En Allemagne, \u00e0 Munich, nous sommes tomb\u00e9s un jour sur une voie pi\u00e9tonne. Au Gros Horloge, c&rsquo;\u00e9tait cela qu&rsquo;il fallait faire, c&rsquo;\u00e9tait \u00e9vident !<\/p>\n<p>    <strong>Bernard Canu<\/strong><br \/>\n        adjoint \u00e0 l&rsquo;urbanisme du maire de Rouen dans les ann\u00e9es 1970    <\/p><\/blockquote>\n<p class=\" wall-content\">Ce qui \u00e9tait l\u2019\u00e9vidence pour lui l\u2019\u00e9tait beaucoup moins pour d\u2019autres. \u00ab\u00a0Au retour, j\u2019en parle \u00e0 mes coll\u00e8gues. <strong>Mines grises des \u00e9lus<\/strong>, Lecanuet en t\u00eate.\u00a0\u00bb Mais aussi les commer\u00e7ants, qui craignaient pour beaucoup une perte de client\u00e8le. \u00ab\u00a0Il y a eu des s\u00e9ances orageuses\u00a0\u00bb avec eux, se rem\u00e9morait l\u2019\u00e9lu \u00e0 l\u2019urbanisme.<\/p>\n<p>\u00ab\u00a0La premi\u00e8re rue pi\u00e9tonne de France est n\u00e9e d\u2019une erreur de chiffrage !\u00a0\u00bb<\/p>\n<p class=\" wall-content\">Alors il a fallu convaincre, petit \u00e0 petit, en commen\u00e7ant <strong>par une pi\u00e9tonnisation ponctuelle, trois apr\u00e8s-midis par semaine.<\/strong>\u00a0<\/p>\n<p class=\" wall-content\">Bernard Canu met deux ans \u00e0 faire adh\u00e9rer Jean Lecanuet \u00e0 son id\u00e9e. \u00ab\u00a0Lecanuet prenait ses d\u00e9cisions en fonction de leur incidence \u00e9lectorale. L\u2019homme \u00e9tait charmant, mais tr\u00e8s influen\u00e7able. Et les \u00e9lections \u00e9taient proches.\u00a0\u00bb<\/p>\n<p>Votre r\u00e9gion, votre actu !<\/p>\n<p>Recevez chaque jour les infos qui comptent pour vous.<\/p>\n<p>\t<a href=\"https:\/\/actu.fr\/newsletter\" class=\"ac-btn ac-btn--corner ac-btn--medium ac-btn--blue800\" rel=\"nofollow noopener\" target=\"_blank\">S&rsquo;incrire<\/a><\/p>\n<p class=\" wall-content\">Un argument,<strong> le co\u00fbt annonc\u00e9 de 200 000 francs<\/strong> par le directeur de la voirie, finit par convaincre le conseil municipal. \u00ab\u00a0Le surlendemain [du vote], le directeur de la voirie entre dans mon bureau, le visage d\u00e9fait : \u2018M. Canu, je me suis tromp\u00e9 dans mes calculs, ce n\u2019est pas 200 mais 400 000 mille francs\u2019. La premi\u00e8re rue pi\u00e9tonne de France est n\u00e9e d\u2019une erreur de chiffrage !\u00a0\u00bb<\/p>\n<p class=\" wall-content\">L\u2019am\u00e9nagement a tout de m\u00eame lieu. On supprime les trottoirs, on repave la rue, on ajoute des bacs \u00e0 fleurs. \u00ab\u00a0Les Rouennais ont accept\u00e9 d\u2019eux-m\u00eames\u00a0\u00bb, estime Bernard Canu, dans un reportage tourn\u00e9 quatre ans apr\u00e8s la mise en place. Au point que les automobilistes se hasardant dans la rue se faisaient parfois injurier.<\/p>\n<p class=\" wall-content\">\n<p class=\" wall-content\"><strong>Toutefois, cette pi\u00e9tonnisation ne ravit pas tout le monde<\/strong>. Comme ce livreur qui t\u00e9moigne : \u00ab\u00a0\u00c0 chaque fois, on a droit \u00e0 un PV\u00a0\u00bb. Et une commer\u00e7ante de d\u00e9plorer ne pas avoir re\u00e7u sa livraison. Un passant peste : \u00ab\u00a0C\u2019est moche. Quand on a des paquets \u00e0 porter il faut faire 50 m\u00e8tres \u00e7a vaut pas le coup !\u00a0\u00bb.<\/p>\n<p class=\" wall-content\">Mais il y a aussi de vrais soutiens. Comme cette jeune femme, heureuse de ne plus voir de voitures. \u00ab\u00a0C\u2019est vachement emmerdant la voiture, avec la pollution\u2026\u00a0\u00bb Et les commer\u00e7ants ont fini par y trouver leur compte. D\u2019apr\u00e8s le pr\u00e9sident de l\u2019association de commer\u00e7ants, \u00ab\u00a0c\u2019est 100% b\u00e9n\u00e9fique\u00a0\u00bb. La mairie avance le chiffre d\u2019une fr\u00e9quentation pi\u00e9tonne \u00ab\u00a0au minimum<strong> 40% sup\u00e9rieure<\/strong> \u00e0 avant\u00a0\u00bb.<\/p>\n<p class=\" wall-content\">Plus de 50 ans apr\u00e8s, la pi\u00e9tonnisation de la rue du Gros Horloge est pleinement adopt\u00e9e. Mais malgr\u00e9 cela, interdire la circulation aux voitures en centre-ville reste chaque fois l\u2019objet de d\u00e9bats, avec des arguments\u00a0 similaires \u00e0 ceux avanc\u00e9s dans les ann\u00e9es 1970.<\/p>\n<p>Suivez l\u2019actualit\u00e9 de Rouen <a href=\"https:\/\/www.whatsapp.com\/channel\/0029VaKfnf99hXF2ddApFB1D\" rel=\"nofollow noopener\" target=\"_blank\">sur notre cha\u00eene WhatsApp<\/a> et <a href=\"https:\/\/www.tiktok.com\/@76actu.fr?lang=fr\" rel=\"nofollow noopener\" target=\"_blank\">sur notre compte TikTok<\/a><\/p>\n<p class=\" wall-content\">Personnalisez votre actualit\u00e9 en ajoutant vos villes et m\u00e9dias en favori avec <a href=\"https:\/\/moncompte.actu.fr\" title=\"D\u00e9couvez Mon Actu\" rel=\"nofollow noopener\" data-trk=\"{&quot;cta&quot;:{&quot;action&quot;:&quot;https:\\\/\\\/moncompte.actu.fr&quot;,&quot;category&quot;:&quot;mon compte&quot;,&quot;from&quot;:&quot;article footer&quot;,&quot;name&quot;:&quot;Mon actu&quot;,&quot;type&quot;:&quot;cta&quot;}}\" target=\"_blank\">Mon Actu<\/a>.<\/p>\n<p>                    <script async src=\"\/\/www.tiktok.com\/embed.js\"><\/script><\/p>\n","protected":false},"excerpt":{"rendered":"Par Julien Bouteiller Publi\u00e9 le 26 oct. 2025 \u00e0 7h32 En inaugurant la pi\u00e9tonnisation de la rue Beauvoisine,&hellip;\n","protected":false},"author":2,"featured_media":490626,"comment_status":"","ping_status":"","sticky":false,"template":"","format":"standard","meta":{"footnotes":""},"categories":[9587],"tags":[1111,11,1777,674,1011,27,937,58904,12,5161,2551,25,9590],"class_list":{"0":"post-490625","1":"post","2":"type-post","3":"status-publish","4":"format-standard","5":"has-post-thumbnail","7":"category-rouen","8":"tag-actu","9":"tag-actualites","10":"tag-eu","11":"tag-europe","12":"tag-fr","13":"tag-france","14":"tag-histoire","15":"tag-histoire-patrimoine","16":"tag-news","17":"tag-normandie","18":"tag-patrimoine","19":"tag-republique-francaise","20":"tag-rouen"},"share_on_mastodon":{"url":"https:\/\/pubeurope.com\/@fr\/115439150315130284","error":""},"_links":{"self":[{"href":"https:\/\/www.europesays.com\/fr\/wp-json\/wp\/v2\/posts\/490625","targetHints":{"allow":["GET"]}}],"collection":[{"href":"https:\/\/www.europesays.com\/fr\/wp-json\/wp\/v2\/posts"}],"about":[{"href":"https:\/\/www.europesays.com\/fr\/wp-json\/wp\/v2\/types\/post"}],"author":[{"embeddable":true,"href":"https:\/\/www.europesays.com\/fr\/wp-json\/wp\/v2\/users\/2"}],"replies":[{"embeddable":true,"href":"https:\/\/www.europesays.com\/fr\/wp-json\/wp\/v2\/comments?post=490625"}],"version-history":[{"count":0,"href":"https:\/\/www.europesays.com\/fr\/wp-json\/wp\/v2\/posts\/490625\/revisions"}],"wp:featuredmedia":[{"embeddable":true,"href":"https:\/\/www.europesays.com\/fr\/wp-json\/wp\/v2\/media\/490626"}],"wp:attachment":[{"href":"https:\/\/www.europesays.com\/fr\/wp-json\/wp\/v2\/media?parent=490625"}],"wp:term":[{"taxonomy":"category","embeddable":true,"href":"https:\/\/www.europesays.com\/fr\/wp-json\/wp\/v2\/categories?post=490625"},{"taxonomy":"post_tag","embeddable":true,"href":"https:\/\/www.europesays.com\/fr\/wp-json\/wp\/v2\/tags?post=490625"}],"curies":[{"name":"wp","href":"https:\/\/api.w.org\/{rel}","templated":true}]}}