{"id":490637,"date":"2025-10-26T06:58:12","date_gmt":"2025-10-26T06:58:12","guid":{"rendered":"https:\/\/www.europesays.com\/fr\/490637\/"},"modified":"2025-10-26T06:58:12","modified_gmt":"2025-10-26T06:58:12","slug":"suivez-le-guide-dans-lusine-de-torrefaction","status":"publish","type":"post","link":"https:\/\/www.europesays.com\/fr\/490637\/","title":{"rendered":"suivez le guide dans l\u2019usine de torr\u00e9faction\u00a0!"},"content":{"rendered":"<p>Simple, et si complexe. Un peu comme le vin, <a href=\"https:\/\/www.dna.fr\/magazine-sante\/2022\/10\/20\/combien-de-cafes-par-jour-pour-vivre-plus-longtemps\" target=\"_blank\" rel=\"noopener\">le caf\u00e9<\/a> est le fruit d\u2019une multitude de param\u00e8tres de culture, r\u00e9colte, \u00e9laboration. Sans parler de la d\u00e9gustation\u00a0! De son terroir \u00e0 sa <a href=\"https:\/\/www.dna.fr\/economie\/2024\/07\/11\/l-alsace-terre-de-torrefaction\" target=\"_blank\" rel=\"noopener\">torr\u00e9faction<\/a> , en passant par son s\u00e9chage, la graine peut d\u00e9livrer ses ar\u00f4mes (plus de 800) de bien des mani\u00e8res.<\/p>\n<p>\u00c0 Oberhausbergen, les Caf\u00e9s Henri restent sur \u00ab\u00a0un process traditionnel\u00a0\u00bb, pr\u00e9sente le responsable du d\u00e9veloppement commercial et touristique, David Huck. D\u2019autres ont fait le choix de \u00ab\u00a0l\u2019industrialiser\u00a0\u00bb, avec la \u00ab\u00a0flash torr\u00e9faction\u00a0\u00bb\u00a0: \u00ab\u00a090 secondes \u00e0 800\u00a0\u00b0C\u00a0\u00bb. Eux ont gard\u00e9 une cuisson lente\u00a0: \u00ab\u00a020 minutes pour atteindre 200\u00a0\u00b0C \u00e0 c\u0153ur\u00a0\u00bb.<\/p>\n<p>La robe dite de moine<\/p>\n<p>Dans un gros four \u00ab\u00a0tournant comme une b\u00e9tonni\u00e8re\u00a0\u00bb, les petites billes vertes vont progressivement blondir ou brunir par \u00ab\u00a0broches\u00a0\u00bb de 120\u00a0kg. Ici, on vise principalement \u00ab\u00a0la robe dite de moine\u00a0\u00bb, brune et pas noire, \u00e9claire notre interlocuteur. \u00ab\u00a0C\u2019est \u00e0 nos yeux la m\u00e9thode qui d\u00e9veloppe le mieux les ar\u00f4mes de la graine, qui donne au&#8230;<\/p>\n","protected":false},"excerpt":{"rendered":"Simple, et si complexe. Un peu comme le vin, le caf\u00e9 est le fruit d\u2019une multitude de param\u00e8tres&hellip;\n","protected":false},"author":2,"featured_media":490638,"comment_status":"","ping_status":"","sticky":false,"template":"","format":"standard","meta":{"footnotes":""},"categories":[2820],"tags":[1111,11,2389,1477,2649,4406,130,33,2880,1777,674,107,1011,27,775,693,12,17351,25,640,3265,216],"class_list":{"0":"post-490637","1":"post","2":"type-post","3":"status-publish","4":"format-standard","5":"has-post-thumbnail","7":"category-strasbourg","8":"tag-actu","9":"tag-actualites","10":"tag-alsace","11":"tag-artisanat","12":"tag-bas-rhin","13":"tag-commerce-et-services","14":"tag-consommation","15":"tag-economie","16":"tag-edition-strasbourg","17":"tag-eu","18":"tag-europe","19":"tag-fil-info","20":"tag-fr","21":"tag-france","22":"tag-grand-est","23":"tag-industrie","24":"tag-news","25":"tag-oberhausbergen","26":"tag-republique-francaise","27":"tag-strasbourg","28":"tag-strasbourg-nord","29":"tag-vie-des-entreprises"},"share_on_mastodon":{"url":"https:\/\/pubeurope.com\/@fr\/115439173921955912","error":""},"_links":{"self":[{"href":"https:\/\/www.europesays.com\/fr\/wp-json\/wp\/v2\/posts\/490637","targetHints":{"allow":["GET"]}}],"collection":[{"href":"https:\/\/www.europesays.com\/fr\/wp-json\/wp\/v2\/posts"}],"about":[{"href":"https:\/\/www.europesays.com\/fr\/wp-json\/wp\/v2\/types\/post"}],"author":[{"embeddable":true,"href":"https:\/\/www.europesays.com\/fr\/wp-json\/wp\/v2\/users\/2"}],"replies":[{"embeddable":true,"href":"https:\/\/www.europesays.com\/fr\/wp-json\/wp\/v2\/comments?post=490637"}],"version-history":[{"count":0,"href":"https:\/\/www.europesays.com\/fr\/wp-json\/wp\/v2\/posts\/490637\/revisions"}],"wp:featuredmedia":[{"embeddable":true,"href":"https:\/\/www.europesays.com\/fr\/wp-json\/wp\/v2\/media\/490638"}],"wp:attachment":[{"href":"https:\/\/www.europesays.com\/fr\/wp-json\/wp\/v2\/media?parent=490637"}],"wp:term":[{"taxonomy":"category","embeddable":true,"href":"https:\/\/www.europesays.com\/fr\/wp-json\/wp\/v2\/categories?post=490637"},{"taxonomy":"post_tag","embeddable":true,"href":"https:\/\/www.europesays.com\/fr\/wp-json\/wp\/v2\/tags?post=490637"}],"curies":[{"name":"wp","href":"https:\/\/api.w.org\/{rel}","templated":true}]}}