{"id":490639,"date":"2025-10-26T06:59:16","date_gmt":"2025-10-26T06:59:16","guid":{"rendered":"https:\/\/www.europesays.com\/fr\/490639\/"},"modified":"2025-10-26T06:59:16","modified_gmt":"2025-10-26T06:59:16","slug":"football-effectif-multipropriete-identite-strasbourg-a-fait-sa-revolution","status":"publish","type":"post","link":"https:\/\/www.europesays.com\/fr\/490639\/","title":{"rendered":"Football. Effectif, multipropri\u00e9t\u00e9, identit\u00e9\u2026 Strasbourg a fait sa r\u00e9volution"},"content":{"rendered":"<p>Strasbourg a chang\u00e9 du tout au tout. Et le club qui se pr\u00e9sente dimanche soir \u00e0 D\u00e9cines <a href=\"https:\/\/www.leprogres.fr\/sport\/2025\/10\/24\/avant-le-choc-contre-strasbourg-l-ol-fait-face-au-grand-enchainement\" target=\"_blank\" rel=\"nofollow noopener\">n\u2019a plus rien \u00e0 voir avec ce qu\u2019il a \u00e9t\u00e9<\/a>. L\u2019identit\u00e9 alsacienne s\u2019est dilu\u00e9e. Et m\u00eame si le pr\u00e9sident reste <a href=\"https:\/\/www.leprogres.fr\/p\/marc-keller\" target=\"_blank\" rel=\"nofollow noopener\">Marc Keller<\/a>, un ancien du club, le visage du Racing a pris celui d\u2019un empire unique. Depuis la prise de pouvoir de \u00ab\u00a0BlueCo\u00a0\u00bb, le club est entr\u00e9 dans le monde des affaires. Et la pilule ne passe pas pour les nostalgiques du Racing.<\/p>\n<p>L\u2019effectif s\u2019en est ressenti comptant quasiment trente joueurs. Parmi eux, des jeunes talents d\u00e9nich\u00e9s. <a href=\"https:\/\/www.leprogres.fr\/p\/liam-rosenior\" target=\"_blank\" rel=\"nofollow noopener\">Liam Rosenior<\/a> l\u2019entra\u00eeneur est parvenu \u00e0 ficeler l\u2019ensemble. Pas mal de joueurs ont re\u00e7u les promesses de jouer dans un grand club. Mais Strasbourg est une passerelle, notamment pour Chelsea. Ainsi Emanuel Emegha rejoindra Chelsea l\u2019\u00e9t\u00e9 prochain pour cinq ans. Strasbourg go\u00fbte \u00e0 la multipropri\u00e9t\u00e9 sur un fond de r\u00e9volution interne.<\/p>\n","protected":false},"excerpt":{"rendered":"Strasbourg a chang\u00e9 du tout au tout. Et le club qui se pr\u00e9sente dimanche soir \u00e0 D\u00e9cines n\u2019a&hellip;\n","protected":false},"author":2,"featured_media":490640,"comment_status":"","ping_status":"","sticky":false,"template":"","format":"standard","meta":{"footnotes":""},"categories":[2820],"tags":[1111,11,2757,1777,674,63,1011,27,775,2428,2756,12,25,517,640],"class_list":{"0":"post-490639","1":"post","2":"type-post","3":"status-publish","4":"format-standard","5":"has-post-thumbnail","7":"category-strasbourg","8":"tag-actu","9":"tag-actualites","10":"tag-edition-lyon-villeurbanne","11":"tag-eu","12":"tag-europe","13":"tag-football","14":"tag-fr","15":"tag-france","16":"tag-grand-est","17":"tag-lyon","18":"tag-lyon-bassin","19":"tag-news","20":"tag-republique-francaise","21":"tag-sport","22":"tag-strasbourg"},"share_on_mastodon":{"url":"https:\/\/pubeurope.com\/@fr\/115439177746240936","error":""},"_links":{"self":[{"href":"https:\/\/www.europesays.com\/fr\/wp-json\/wp\/v2\/posts\/490639","targetHints":{"allow":["GET"]}}],"collection":[{"href":"https:\/\/www.europesays.com\/fr\/wp-json\/wp\/v2\/posts"}],"about":[{"href":"https:\/\/www.europesays.com\/fr\/wp-json\/wp\/v2\/types\/post"}],"author":[{"embeddable":true,"href":"https:\/\/www.europesays.com\/fr\/wp-json\/wp\/v2\/users\/2"}],"replies":[{"embeddable":true,"href":"https:\/\/www.europesays.com\/fr\/wp-json\/wp\/v2\/comments?post=490639"}],"version-history":[{"count":0,"href":"https:\/\/www.europesays.com\/fr\/wp-json\/wp\/v2\/posts\/490639\/revisions"}],"wp:featuredmedia":[{"embeddable":true,"href":"https:\/\/www.europesays.com\/fr\/wp-json\/wp\/v2\/media\/490640"}],"wp:attachment":[{"href":"https:\/\/www.europesays.com\/fr\/wp-json\/wp\/v2\/media?parent=490639"}],"wp:term":[{"taxonomy":"category","embeddable":true,"href":"https:\/\/www.europesays.com\/fr\/wp-json\/wp\/v2\/categories?post=490639"},{"taxonomy":"post_tag","embeddable":true,"href":"https:\/\/www.europesays.com\/fr\/wp-json\/wp\/v2\/tags?post=490639"}],"curies":[{"name":"wp","href":"https:\/\/api.w.org\/{rel}","templated":true}]}}